{"id":970,"date":"2019-01-25T10:16:30","date_gmt":"2019-01-25T10:16:30","guid":{"rendered":"http:\/\/www.rexmusic.fi\/blog\/?p=970"},"modified":"2019-01-25T16:32:08","modified_gmt":"2019-01-25T16:32:08","slug":"hyodyllisia-idiootteja-ai-me-vai","status":"publish","type":"post","link":"https:\/\/www.reijoliinamaa.fi\/?p=970","title":{"rendered":"Hy\u00f6dyllisi\u00e4 idiootteja? Ai me vai?"},"content":{"rendered":"<p><strong>A-talkissa<\/strong> oli ajankohtainen keskustelu facebookista ja muista \u201dyhteis\u00f6llisist\u00e4\u201d verkkopalveluista. Asiantuntevaa ja suoraa puhetta.<span class=\"Apple-converted-space\">\u00a0<\/span><\/p>\n<p>F-Securen tutkimusp\u00e4\u00e4llikk\u00f6 <strong>Mikko Hypp\u00f6nen<\/strong> ilmaisi asian selkeimmin: Palvelut eiv\u00e4t ole \u201dilmaisia\u201d vaan niiden k\u00e4yt\u00f6n hintana asiakas luovuttaa yrityksille jatkuvasti yh\u00e4 yksityiskohtaisempaa tietoa henkil\u00f6kohtaisesta kulutusk\u00e4ytt\u00e4ytymisest\u00e4\u00e4n, harrastuksistaan, matkustelustaan jne. Yritys k\u00e4ytt\u00e4\u00e4 t\u00e4t\u00e4 tietoa myym\u00e4ll\u00e4 sit\u00e4 edelleen tarkkaan kohdennettua mainontaa tekeville tahoille.<span class=\"Apple-converted-space\">\u00a0<\/span><\/p>\n<p>Osalle ihmisi\u00e4 on ihan OK, ett\u00e4 kun k\u00e4y vilkaisemassa lomamatkatarjontaa, niin pian sen per\u00e4\u00e4n alkaa itsest\u00e4\u00e4n pulpahdella matkafirmojen mainoksia ty\u00f6p\u00f6yd\u00e4lle &#8211; yll\u00e4tt\u00e4en ja pyyt\u00e4m\u00e4tt\u00e4.<br \/>\nOsalle tulee kiusallinen ole: Tarkkaillaanko minua?<\/p>\n<p>Vakavampien kysymysten \u00e4\u00e4rell\u00e4 ollaan, kun puhutaan valtiotason hybridivaikuttamisesta. Laajamittainen esimerkki t\u00e4st\u00e4 oli USA:n presidentin vaalit. Siin\u00e4 ei suoraan pyritty ohjaamaan \u00e4\u00e4nestysk\u00e4ytt\u00e4ytymist\u00e4 tiettyyn suuntaan &#8211; p\u00e4invastoin sit\u00e4 pyrittiin ohjaamaan yhdest\u00e4 suunnasta poisp\u00e4in&#8230; .<\/p>\n<p>Kylvettiin eripuraa ja kyseenalaistettiin \u00e4\u00e4nest\u00e4misen mielekkyys ylip\u00e4\u00e4t\u00e4\u00e4n. Nyt n\u00e4hd\u00e4\u00e4n tulos: USA on jakautunut keskelt\u00e4 kahtia! Jakautunut valtio on heikompi valtio, mik\u00e4 oli operaation todellinen p\u00e4\u00e4m\u00e4\u00e4r\u00e4.<\/p>\n<p>Nyt pari kuukautta ennen eduskuntavaaleja on meill\u00e4 Suomessakin havaittavissa trendi, joka v\u00e4h\u00e4ttelee \u00e4\u00e4nest\u00e4misen merkityst\u00e4, kyseenalaistaa politiikan moraalia ja tyrkytt\u00e4\u00e4 kansalaisille k\u00e4sityst\u00e4 politiikassa mukana olevien m\u00e4d\u00e4nn\u00e4isyydest\u00e4.<span class=\"Apple-converted-space\">\u00a0<\/span><\/p>\n<p>Samaan ep\u00e4tietoisuuden lietsontaan ja ihmisten h\u00e4mment\u00e4miseen pyrkiv\u00e4t kaikki uutismediaa teeskentelev\u00e4t sivustot, jotka ennen vaaleja lis\u00e4\u00e4ntyv\u00e4t kuin sienet sateella.<\/p>\n<p>T\u00e4h\u00e4n linkitt\u00e4m\u00e4ni, Aalto -yliopiston kyberturvallisuusprofessroi <strong>Jarno Limnell<\/strong>\u2019in asiantunteva kirjoitus aiheesta kannattaa lukaista.<br \/>\n<a href=\"https:\/\/blogit.iltalehti.fi\/jarno-limnell\/2017\/10\/07\/informaatiovaikuttaminen-vaaleissa\/\">https:\/\/blogit.iltalehti.fi\/jarno-limnell\/2017\/10\/07\/informaatiovaikuttaminen-vaaleissa\/<\/a><\/p>\n","protected":false},"excerpt":{"rendered":"<p>A-talkissa oli ajankohtainen keskustelu facebookista ja muista \u201dyhteis\u00f6llisist\u00e4\u201d verkkopalveluista. Asiantuntevaa ja suoraa puhetta.\u00a0 F-Securen tutkimusp\u00e4\u00e4llikk\u00f6 Mikko Hypp\u00f6nen ilmaisi asian selkeimmin: Palvelut eiv\u00e4t ole \u201dilmaisia\u201d vaan niiden k\u00e4yt\u00f6n hintana asiakas luovuttaa yrityksille jatkuvasti yh\u00e4 yksityiskohtaisempaa tietoa henkil\u00f6kohtaisesta kulutusk\u00e4ytt\u00e4ytymisest\u00e4\u00e4n, harrastuksistaan, matkustelustaan jne. &hellip; <a href=\"https:\/\/www.reijoliinamaa.fi\/?p=970\">Lue loppuun <span class=\"meta-nav\">&rarr;<\/span><\/a><\/p>\n","protected":false},"author":1,"featured_media":0,"comment_status":"open","ping_status":"open","sticky":false,"template":"","format":"standard","meta":{"footnotes":""},"categories":[177,175],"tags":[187,186,188],"class_list":["post-970","post","type-post","status-publish","format-standard","hentry","category-kotimaa","category-media","tag-facebook","tag-hybridisota","tag-jarno-limnell"],"_links":{"self":[{"href":"https:\/\/www.reijoliinamaa.fi\/index.php?rest_route=\/wp\/v2\/posts\/970","targetHints":{"allow":["GET"]}}],"collection":[{"href":"https:\/\/www.reijoliinamaa.fi\/index.php?rest_route=\/wp\/v2\/posts"}],"about":[{"href":"https:\/\/www.reijoliinamaa.fi\/index.php?rest_route=\/wp\/v2\/types\/post"}],"author":[{"embeddable":true,"href":"https:\/\/www.reijoliinamaa.fi\/index.php?rest_route=\/wp\/v2\/users\/1"}],"replies":[{"embeddable":true,"href":"https:\/\/www.reijoliinamaa.fi\/index.php?rest_route=%2Fwp%2Fv2%2Fcomments&post=970"}],"version-history":[{"count":2,"href":"https:\/\/www.reijoliinamaa.fi\/index.php?rest_route=\/wp\/v2\/posts\/970\/revisions"}],"predecessor-version":[{"id":972,"href":"https:\/\/www.reijoliinamaa.fi\/index.php?rest_route=\/wp\/v2\/posts\/970\/revisions\/972"}],"wp:attachment":[{"href":"https:\/\/www.reijoliinamaa.fi\/index.php?rest_route=%2Fwp%2Fv2%2Fmedia&parent=970"}],"wp:term":[{"taxonomy":"category","embeddable":true,"href":"https:\/\/www.reijoliinamaa.fi\/index.php?rest_route=%2Fwp%2Fv2%2Fcategories&post=970"},{"taxonomy":"post_tag","embeddable":true,"href":"https:\/\/www.reijoliinamaa.fi\/index.php?rest_route=%2Fwp%2Fv2%2Ftags&post=970"}],"curies":[{"name":"wp","href":"https:\/\/api.w.org\/{rel}","templated":true}]}}