{"id":967,"date":"2018-12-22T07:29:27","date_gmt":"2018-12-22T07:29:27","guid":{"rendered":"http:\/\/www.rexmusic.fi\/blog\/?p=967"},"modified":"2021-02-21T08:09:12","modified_gmt":"2021-02-21T08:09:12","slug":"siirtyyko-homo-sapiens-asumaan-maan-alle","status":"publish","type":"post","link":"https:\/\/www.reijoliinamaa.fi\/?p=967","title":{"rendered":"Siirtyyk\u00f6 Homo Sapiens asumaan maan alle?"},"content":{"rendered":"<p>Suomen Pankin\u00a0p\u00e4\u00e4johtaja <strong>Olli Rehn<\/strong> vieraili \u00e4skett\u00e4in Tv1&#8217;n ajankohtaisohjelmassa ja lausui mm. n\u00e4in:<\/p>\n<p>\u201d\u2013 Ilmastonmuutos on valtava markkinah\u00e4iri\u00f6. Sill\u00e4 on suuri merkitys pitk\u00e4n aikav\u00e4lin talouskasvun ja talouden kest\u00e4vyyden kannalta<br \/>\n\u2013 Tulevien vuosikymmenten suomalaisten t\u00e4ytyy voida rakentaa el\u00e4m\u00e4\u00e4ns\u00e4 ilman, ett\u00e4 he joutuvat taistelemaan edellisten sukupolvien velkojen ja ymp\u00e4rist\u00f6ongelmien kanssa.\u201d<\/p>\n<p>Rehn on oikeassa. Siit\u00e4, mik\u00e4 t\u00e4m\u00e4n \u201dvaltavan markkinah\u00e4iri\u00f6n\u201d on aiheuttanut, h\u00e4n ei puhunut. Teollistuneet maat ovat vuosikymmenten ajan hyv\u00e4ksyneet tilanteen, miss\u00e4 osa hyvinvoinnista ulosmitataan luonnosta velaksi tulevien sukupolvien maksettavaksi. T\u00e4st\u00e4 on vallinnut vastenmielinen konsensus yli puoluerajojen.<\/p>\n<p>Tulevilta sukupolvilta varastettu hyvinvointi ei suinkaan ole jakautunut tasaisesti kansalaisten kesken. Suuri osa varastetusta omaisuudesta on p\u00e4\u00e4asiassa yksityis- mutta osin my\u00f6s valtio-omisteisten yhti\u00f6iden omissa p\u00e4\u00e4omissa, niiden korruptoituneiden poliitikkojen tileill\u00e4 veroparatiiseissa tai omistajille jaettuina osinkoina tuottoisammissa sijoituskohteissa.<\/p>\n<p>Sill\u00e4 ei ole merkityst\u00e4, onko saastuttavan teollisuuden omistaja ollut yksityinen vai valtio. Romahtaneen Neuvostoliiton valtionkapitalismi ehti aiheuttaa tuleville sukupolville ymp\u00e4rist\u00f6laskun, jota kukaan ei pysty arvioimaan.<br \/>\nKiinassa toimittiin pitk\u00e4\u00e4n t\u00e4ysin ymp\u00e4rist\u00f6st\u00e4 piittaamatta, kunnes havahduttiin siihen, ett\u00e4 suurkaupungeissa piti ryhty\u00e4 k\u00e4ytt\u00e4m\u00e4\u00e4n hengityssuojaimia.<\/p>\n<p>Olli Rehnin mainitsema \u201dmarkkinah\u00e4iri\u00f6\u201d ei siis oikeasti ole mik\u00e4\u00e4n h\u00e4iri\u00f6, vaan yhdess\u00e4 harkitusti omalle sukupolvelle my\u00f6nnetty oikeus varastaa ymp\u00e4rist\u00f6arvoja tulevilta sukupolvilta.<br \/>\nMik\u00e4li haluamme, ett\u00e4 ihmiset voivat t\u00e4ll\u00e4 planeetalla edelleen asua, on markkinatalouden s\u00e4\u00e4ntely nostettava aivan uudelle tasolle.<\/p>\n<p><strong>Mutta mitk\u00e4 ovat mahdollisuutemme?<\/strong><span class=\"Apple-converted-space\">\u00a0<\/span><\/p>\n<p>Er\u00e4\u00e4n Atlantin takaisen, ilmakeh\u00e4\u00e4 saastuttavan valtion p\u00e4\u00e4mies ei vastoin tiedeyhteis\u00f6n yksi\u00e4\u00e4nist\u00e4 kantaa edes tunnusta ilmasto-ongelman olemassaoloa! H\u00e4n n\u00e4ytt\u00e4\u00e4 p\u00e4invastoin ylpeilev\u00e4n sill\u00e4, ettei n\u00e4e sit\u00e4 mink\u00e4 kaikki muut n\u00e4kev\u00e4t.<br \/>\nValtioiden pitk\u00e4n t\u00e4ht\u00e4imen selviytymisskenaarioissa on varmasti jo varauduttu mahdollisuuteen, ett\u00e4 el\u00e4m\u00e4 maapallon pinnalla k\u00e4y vaikeaksi, ellei per\u00e4ti mahdottomaksi.<\/p>\n<p>Mik\u00e4li annamme nykyisen kvartaalitalouden is\u00e4nn\u00f6id\u00e4 lajimme tulevaisuutta, niin ihmiskunta joutuu jossakin vaiheessa siirtym\u00e4\u00e4n asumaan maan alle &#8211; aluksi muutamaksi sadaksi, lopulta ehk\u00e4 tuhansiksi vuosiksi.<\/p>\n","protected":false},"excerpt":{"rendered":"<p>Suomen Pankin\u00a0p\u00e4\u00e4johtaja Olli Rehn vieraili \u00e4skett\u00e4in Tv1&#8217;n ajankohtaisohjelmassa ja lausui mm. n\u00e4in: \u201d\u2013 Ilmastonmuutos on valtava markkinah\u00e4iri\u00f6. Sill\u00e4 on suuri merkitys pitk\u00e4n aikav\u00e4lin talouskasvun ja talouden kest\u00e4vyyden kannalta \u2013 Tulevien vuosikymmenten suomalaisten t\u00e4ytyy voida rakentaa el\u00e4m\u00e4\u00e4ns\u00e4 ilman, ett\u00e4 he joutuvat &hellip; <a href=\"https:\/\/www.reijoliinamaa.fi\/?p=967\">Lue loppuun <span class=\"meta-nav\">&rarr;<\/span><\/a><\/p>\n","protected":false},"author":1,"featured_media":0,"comment_status":"open","ping_status":"open","sticky":false,"template":"","format":"standard","meta":{"footnotes":""},"categories":[172,177,178,9,183],"tags":[185,184,26],"class_list":["post-967","post","type-post","status-publish","format-standard","hentry","category-eu","category-kotimaa","category-tajunnanvirtaa","category-talous","category-ymparisto","tag-kvartaalitalous","tag-markkinahairio","tag-olli-rehn"],"_links":{"self":[{"href":"https:\/\/www.reijoliinamaa.fi\/index.php?rest_route=\/wp\/v2\/posts\/967","targetHints":{"allow":["GET"]}}],"collection":[{"href":"https:\/\/www.reijoliinamaa.fi\/index.php?rest_route=\/wp\/v2\/posts"}],"about":[{"href":"https:\/\/www.reijoliinamaa.fi\/index.php?rest_route=\/wp\/v2\/types\/post"}],"author":[{"embeddable":true,"href":"https:\/\/www.reijoliinamaa.fi\/index.php?rest_route=\/wp\/v2\/users\/1"}],"replies":[{"embeddable":true,"href":"https:\/\/www.reijoliinamaa.fi\/index.php?rest_route=%2Fwp%2Fv2%2Fcomments&post=967"}],"version-history":[{"count":1,"href":"https:\/\/www.reijoliinamaa.fi\/index.php?rest_route=\/wp\/v2\/posts\/967\/revisions"}],"predecessor-version":[{"id":968,"href":"https:\/\/www.reijoliinamaa.fi\/index.php?rest_route=\/wp\/v2\/posts\/967\/revisions\/968"}],"wp:attachment":[{"href":"https:\/\/www.reijoliinamaa.fi\/index.php?rest_route=%2Fwp%2Fv2%2Fmedia&parent=967"}],"wp:term":[{"taxonomy":"category","embeddable":true,"href":"https:\/\/www.reijoliinamaa.fi\/index.php?rest_route=%2Fwp%2Fv2%2Fcategories&post=967"},{"taxonomy":"post_tag","embeddable":true,"href":"https:\/\/www.reijoliinamaa.fi\/index.php?rest_route=%2Fwp%2Fv2%2Ftags&post=967"}],"curies":[{"name":"wp","href":"https:\/\/api.w.org\/{rel}","templated":true}]}}