{"id":94,"date":"2011-07-04T08:07:26","date_gmt":"2011-07-04T08:07:26","guid":{"rendered":"http:\/\/rexmusic.fi\/blogi\/?p=94"},"modified":"2018-07-20T08:11:02","modified_gmt":"2018-07-20T08:11:02","slug":"vakuusvaatimuksista-on-todellakin-syyta-pitaa-kiinni","status":"publish","type":"post","link":"https:\/\/www.reijoliinamaa.fi\/?p=94","title":{"rendered":"Vakuusvaatimuksista on todellakin syyt\u00e4 pit\u00e4\u00e4 kiinni!"},"content":{"rendered":"<p style=\"background-image: initial; background-attachment: initial; background-origin: initial; background-clip: initial; background-color: #ffffff; font: normal normal normal 13px\/19px Georgia, 'Times New Roman', 'Bitstream Charter', Times, serif; font-family: Arial; line-height: normal; font-size: medium; padding: 0.6em; margin: 0px\">Uutisten mukaan vvm <strong>Jutta Urpilainen<\/strong> vakuuttaa, ett\u00e4 Suomi pit\u00e4\u00e4 kiinni vakuusvaatimuksistaan Kreikan tukemisessa. Hyv\u00e4 niin, sill\u00e4 v\u00e4hempi ei maamme nykyisess\u00e4 poliittisessa ilmastossa eik\u00e4 sen puoleen SDP:n vaalikampanjoinnin teemoja ajatellenkaan riit\u00e4.<\/p>\n<p style=\"background-image: initial; background-attachment: initial; background-origin: initial; background-clip: initial; background-color: #ffffff; font: normal normal normal 13px\/19px Georgia, 'Times New Roman', 'Bitstream Charter', Times, serif; font-family: Arial; line-height: normal; font-size: medium; padding: 0.6em; margin: 0px\">Voihan olla, ett\u00e4 edellisen vvm<strong> Jyrkin Kataisen<\/strong> vuosi sitten mainostama, lipsuvaksi osoittautunut &#8221;niskalenkki markkinavoimista&#8221; voisi t\u00e4ll\u00e4 ter\u00e4v\u00e4mm\u00e4ll\u00e4 otteella muuttua pit\u00e4v\u00e4ksi ja kulminoitua vaikkapa komeaan heittoon uuden eurooppalaisen talousmoraalin tatamilla.<\/p>\n<p style=\"background-image: initial; background-attachment: initial; background-origin: initial; background-clip: initial; background-color: #ffffff; font: normal normal normal 13px\/19px Georgia, 'Times New Roman', 'Bitstream Charter', Times, serif; font-family: Arial; line-height: normal; font-size: medium; padding: 0.6em; margin: 0px\">Hieman kuitenkin huolestuttaa Urpilaisen vakuuttelut, ett\u00e4 asiassa &#8221;varmasti l\u00f6ytyy kaikkia tyydytt\u00e4v\u00e4 ratkaisu&#8221;.Suomen ei pid\u00e4 tinki\u00e4 vaatimuksistaan eik\u00e4 hyv\u00e4ksy\u00e4 mit\u00e4\u00e4n silm\u00e4nlumevakuutta.<\/p>\n<p style=\"background-image: initial; background-attachment: initial; background-origin: initial; background-clip: initial; background-color: #ffffff; font: normal normal normal 13px\/19px Georgia, 'Times New Roman', 'Bitstream Charter', Times, serif; font-family: Arial; line-height: normal; font-size: medium; padding: 0.6em; margin: 0px\">Kun valtio haluaa vakuuden, on sen merkitys toki hieman toinen, kuin pankkimaailmassa. Valtio haluaa vakuudenhaltijana ennemminkin s\u00e4ilytt\u00e4\u00e4 sananvaltansa tilanteessa, miss\u00e4 lainan ehtoja oltaisiin mahdollisesti &#8221;talouden realiteeteista johtuen&#8221; poliittisilla p\u00e4\u00e4t\u00f6ksill\u00e4 muuttamassa.<\/p>\n<p style=\"background-image: initial; background-attachment: initial; background-origin: initial; background-clip: initial; background-color: #ffffff; font: normal normal normal 13px\/19px Georgia, 'Times New Roman', 'Bitstream Charter', Times, serif; font-family: Arial; line-height: normal; font-size: medium; padding: 0.6em; margin: 0px\">Mutta eih\u00e4n vakuus silti ole vakuus, ellei se ole tarvittaessa realisoitavissa t\u00e4yteen arvoonsa.<\/p>\n","protected":false},"excerpt":{"rendered":"<p>Uutisten mukaan vvm Jutta Urpilainen vakuuttaa, ett\u00e4 Suomi pit\u00e4\u00e4 kiinni vakuusvaatimuksistaan Kreikan tukemisessa. Hyv\u00e4 niin, sill\u00e4 v\u00e4hempi ei maamme nykyisess\u00e4 poliittisessa ilmastossa eik\u00e4 sen puoleen SDP:n vaalikampanjoinnin teemoja ajatellenkaan riit\u00e4. Voihan olla, ett\u00e4 edellisen vvm Jyrkin Kataisen vuosi sitten mainostama, &hellip; <a href=\"https:\/\/www.reijoliinamaa.fi\/?p=94\">Lue loppuun <span class=\"meta-nav\">&rarr;<\/span><\/a><\/p>\n","protected":false},"author":2,"featured_media":0,"comment_status":"open","ping_status":"open","sticky":false,"template":"","format":"standard","meta":{"footnotes":""},"categories":[4],"tags":[],"class_list":["post-94","post","type-post","status-publish","format-standard","hentry","category-arkisto"],"_links":{"self":[{"href":"https:\/\/www.reijoliinamaa.fi\/index.php?rest_route=\/wp\/v2\/posts\/94","targetHints":{"allow":["GET"]}}],"collection":[{"href":"https:\/\/www.reijoliinamaa.fi\/index.php?rest_route=\/wp\/v2\/posts"}],"about":[{"href":"https:\/\/www.reijoliinamaa.fi\/index.php?rest_route=\/wp\/v2\/types\/post"}],"author":[{"embeddable":true,"href":"https:\/\/www.reijoliinamaa.fi\/index.php?rest_route=\/wp\/v2\/users\/2"}],"replies":[{"embeddable":true,"href":"https:\/\/www.reijoliinamaa.fi\/index.php?rest_route=%2Fwp%2Fv2%2Fcomments&post=94"}],"version-history":[{"count":1,"href":"https:\/\/www.reijoliinamaa.fi\/index.php?rest_route=\/wp\/v2\/posts\/94\/revisions"}],"predecessor-version":[{"id":823,"href":"https:\/\/www.reijoliinamaa.fi\/index.php?rest_route=\/wp\/v2\/posts\/94\/revisions\/823"}],"wp:attachment":[{"href":"https:\/\/www.reijoliinamaa.fi\/index.php?rest_route=%2Fwp%2Fv2%2Fmedia&parent=94"}],"wp:term":[{"taxonomy":"category","embeddable":true,"href":"https:\/\/www.reijoliinamaa.fi\/index.php?rest_route=%2Fwp%2Fv2%2Fcategories&post=94"},{"taxonomy":"post_tag","embeddable":true,"href":"https:\/\/www.reijoliinamaa.fi\/index.php?rest_route=%2Fwp%2Fv2%2Ftags&post=94"}],"curies":[{"name":"wp","href":"https:\/\/api.w.org\/{rel}","templated":true}]}}