{"id":9,"date":"2008-04-19T13:55:18","date_gmt":"2008-04-19T10:55:18","guid":{"rendered":"http:\/\/rexmusic.fi\/blogi\/?p=6"},"modified":"2008-04-19T13:55:18","modified_gmt":"2008-04-19T10:55:18","slug":"presidentin-valtaa-paaministerille","status":"publish","type":"post","link":"https:\/\/www.reijoliinamaa.fi\/?p=9","title":{"rendered":"Presidentin valtaa p\u00e4\u00e4ministerille?"},"content":{"rendered":"<p><span style=\"font-family: Arial\">Hallitus on ryhtynyt selvitt\u00e4m\u00e4\u00e4n, mill\u00e4 tavalla presidentin valtaoikeuksia rukattaisiin p\u00e4\u00e4ministerin hyv\u00e4ksi. Tutkimusten mukaan suomalaisten selv\u00e4 enemmist\u00f6 kannattaa kuitenkin presidentin nykyisten valtaoikeuksien s\u00e4ilytt\u00e4mist\u00e4 ja valintaa suoralla kansanvaalilla. <\/span><span style=\"font-family: Arial\">Kekkosen vallant\u00e4yteyden aikoja meill\u00e4 tuskin kukaan en\u00e4\u00e4 haikailee, mutta suomalaiset eiv\u00e4t my\u00f6sk\u00e4\u00e4n n\u00e4yt\u00e4 olevan valmiita maatalousn\u00e4yttelyit\u00e4 availevaan leikkipresidenttiin?<\/span><span style=\"font-family: Arial\"><br \/>\nJos poliittisen kehityksen visiona Suomessa pidet\u00e4\u00e4n politiikan lis\u00e4\u00e4ntyv\u00e4\u00e4 \u201damerikkalaistumista\u201d, on varmasti syyt\u00e4kin tarkastella l\u00e4hemmin presidentin valtaoikeuksia.\u00a0 Jos siis meid\u00e4nkin vaalij\u00e4rjestelm\u00e4st\u00e4mme voisi valikoitua presidentiksi G.W.Bushin arvoilla ja sivistyksell\u00e4 varustettu presidentti, niin valtaoikeuksien v\u00e4hent\u00e4minen on enemm\u00e4n kuin tarpeellista. Presidentin valtaa nakertamaan halajavat sanovat tekev\u00e4ns\u00e4 sen parlamentarismin vuoksi. Mutta ent\u00e4 sitten t\u00e4m\u00e4 parlamentaristisempi vaihtoehto? Italialaiset n\u00e4ytt\u00e4v\u00e4t joutuvan kest\u00e4m\u00e4\u00e4n uuden hallituskauden, jossa p\u00e4\u00e4ministerin\u00e4 toimii Claudio Berlusconi. Taitaa olla niin, ett\u00e4 maa saa yht\u00e4lailla sellaisen presidentin kuin p\u00e4\u00e4ministerinkin, mink\u00e4 se ansaitsee.<br \/>\n<\/span><span style=\"font-family: Arial\"><br \/>\nMeill\u00e4 Suomessahan p\u00e4\u00e4ministeriksi voidaan valita my\u00f6s henkil\u00f6, joka ei teht\u00e4v\u00e4\u00e4n valittaessa ole kansanedustaja. T\u00e4llaisia ovat 1970 \u2013luvulta laskien olleet ainakin Mauno Koivisto, Ahti Karjalainen, Martti Miettunen ja Harri Holkeri. Ottamatta kantaa heid\u00e4n onnistumiseensa teht\u00e4v\u00e4ss\u00e4\u00e4n, on selv\u00e4\u00e4, ett\u00e4 he ovat kaikki k\u00e4ytt\u00e4neet melkoista sis\u00e4poliittista valtaa ilman suoraan kansalta saatua valtakirjaa.<br \/>\nK\u00e4yt\u00e4nn\u00f6ss\u00e4 meill\u00e4 normaalioloissa p\u00e4\u00e4ministeriksi nousee vaalien j\u00e4lkeen suurimman puolueen puheenjohtaja. H\u00e4nen ei tarvitse olla kansanedustaja. H\u00e4net on \u00e4\u00e4nestetty puolueensa puheenjohtajaksi puoluekokouksessa enemmist\u00f6n \u00e4\u00e4nin. P\u00e4\u00e4ministeriksi tullakseen h\u00e4nell\u00e4 on tietysti oltava eduskunnan enemmist\u00f6n tuki, mutta ns. suuren kansan tukea h\u00e4nell\u00e4 ei tarvitse olla.<br \/>\nJos nyt sitten viel\u00e4 suoralla kansanvaalilla valitun presidentin valtaa siirret\u00e4\u00e4n lis\u00e4\u00e4 p\u00e4\u00e4ministerille, niin teoreettisesti voi synty\u00e4 seuraava tilanne: <strong><em>Maan ylint\u00e4 toimeenpanovaltaa k\u00e4ytt\u00e4\u00e4 henkil\u00f6, jota on puoluekokouksessa \u00e4\u00e4nest\u00e4nyt enemmist\u00f6 kokousv\u00e4est\u00e4, mutta jonka sopivuutta teht\u00e4v\u00e4\u00e4n \u00e4\u00e4nest\u00e4jill\u00e4 ei ole ollut mahdollisuutta vaaleissa arvioida<\/em>.<\/strong> Minusta t\u00e4llainen tilanne ei ole demokratian kannalta suotava edes teoreettisena mahdollisuutena. Presidentin vallan siirt\u00e4mist\u00e4 p\u00e4\u00e4ministerille kannattavat ennen kaikkea puolueorganisaatiot, koska se lis\u00e4\u00e4 niiden valtaa. Kun tiedet\u00e4\u00e4n, ett\u00e4 suomalaisista reilusti alle prosentti on puolueiden maksavia j\u00e4seni\u00e4, on kysytt\u00e4v\u00e4 vakavasti sit\u00e4, kuka edustaa eri syist\u00e4 puolueiden ulkopuolella pysyttelev\u00e4n valtaenemmist\u00f6n ajatuksia perustuslakia uuteen uskoon rukattaessa?<\/span><\/p>\n","protected":false},"excerpt":{"rendered":"<p>Hallitus on ryhtynyt selvitt\u00e4m\u00e4\u00e4n, mill\u00e4 tavalla presidentin valtaoikeuksia rukattaisiin p\u00e4\u00e4ministerin hyv\u00e4ksi. Tutkimusten mukaan suomalaisten selv\u00e4 enemmist\u00f6 kannattaa kuitenkin presidentin nykyisten valtaoikeuksien s\u00e4ilytt\u00e4mist\u00e4 ja valintaa suoralla kansanvaalilla. Kekkosen vallant\u00e4yteyden aikoja meill\u00e4 tuskin kukaan en\u00e4\u00e4 haikailee, mutta suomalaiset eiv\u00e4t my\u00f6sk\u00e4\u00e4n n\u00e4yt\u00e4 olevan &hellip; <a href=\"https:\/\/www.reijoliinamaa.fi\/?p=9\">Lue loppuun <span class=\"meta-nav\">&rarr;<\/span><\/a><\/p>\n","protected":false},"author":2,"featured_media":0,"comment_status":"open","ping_status":"open","sticky":false,"template":"","format":"standard","meta":{"footnotes":""},"categories":[4],"tags":[],"class_list":["post-9","post","type-post","status-publish","format-standard","hentry","category-arkisto"],"_links":{"self":[{"href":"https:\/\/www.reijoliinamaa.fi\/index.php?rest_route=\/wp\/v2\/posts\/9","targetHints":{"allow":["GET"]}}],"collection":[{"href":"https:\/\/www.reijoliinamaa.fi\/index.php?rest_route=\/wp\/v2\/posts"}],"about":[{"href":"https:\/\/www.reijoliinamaa.fi\/index.php?rest_route=\/wp\/v2\/types\/post"}],"author":[{"embeddable":true,"href":"https:\/\/www.reijoliinamaa.fi\/index.php?rest_route=\/wp\/v2\/users\/2"}],"replies":[{"embeddable":true,"href":"https:\/\/www.reijoliinamaa.fi\/index.php?rest_route=%2Fwp%2Fv2%2Fcomments&post=9"}],"version-history":[{"count":0,"href":"https:\/\/www.reijoliinamaa.fi\/index.php?rest_route=\/wp\/v2\/posts\/9\/revisions"}],"wp:attachment":[{"href":"https:\/\/www.reijoliinamaa.fi\/index.php?rest_route=%2Fwp%2Fv2%2Fmedia&parent=9"}],"wp:term":[{"taxonomy":"category","embeddable":true,"href":"https:\/\/www.reijoliinamaa.fi\/index.php?rest_route=%2Fwp%2Fv2%2Fcategories&post=9"},{"taxonomy":"post_tag","embeddable":true,"href":"https:\/\/www.reijoliinamaa.fi\/index.php?rest_route=%2Fwp%2Fv2%2Ftags&post=9"}],"curies":[{"name":"wp","href":"https:\/\/api.w.org\/{rel}","templated":true}]}}