{"id":87,"date":"2010-09-11T09:40:55","date_gmt":"2010-09-11T09:40:55","guid":{"rendered":"http:\/\/rexmusic.fi\/blogi\/?p=87"},"modified":"2021-02-21T08:02:17","modified_gmt":"2021-02-21T08:02:17","slug":"tuoteseloste-myos-median-tuotteille","status":"publish","type":"post","link":"https:\/\/www.reijoliinamaa.fi\/?p=87","title":{"rendered":"&#8221;Tuoteseloste&#8221; my\u00f6s median tuotteille?"},"content":{"rendered":"<p><span class=\"Apple-style-span\" style=\"font-family: Arial, Helvetica, sans-serif; line-height: normal; font-size: 12px; color: #333333\">&#8221;Helsingin Sanomien ja Ylen uutisten p\u00e4\u00e4toimittajat <strong>Mikael Pentik\u00e4inen ja Atte J\u00e4\u00e4skel\u00e4inen<\/strong> eiv\u00e4t halua selvitt\u00e4\u00e4 toimittajiensa puoluekantoja&#8221;, uutisoi Hesari <strong>Esa M\u00e4kisen<\/strong> laatimassa uutisessa uudella Media -palstallaan t\u00e4n\u00e4\u00e4n. Asia liittyy EVA:n johtajan, <strong>Matti Apusen<\/strong> t\u00e4m\u00e4nsuuntaiseen ehdotukseen samassa lehdess\u00e4 10.10.<br style=\"padding: 0px; margin: 0px\" \/><br style=\"padding: 0px; margin: 0px\" \/>En pit\u00e4isi Apusen ideaa ollenkaan mahdottomana, viel\u00e4 v\u00e4hemm\u00e4n huonona, vaikka J\u00e4\u00e4skel\u00e4inen n\u00e4keekin puoluekantojen selvitt\u00e4misen tarpeettomana ja Pentik\u00e4inen mielest\u00e4 alaisten poliittisten kantojen selvitt\u00e4minen on per\u00e4ti &#8221;ajatuksena mahdoton&#8221;. Valistunut lukija tai ajankohtaisohjelmien seuraaja tietysti osaa haistaa n\u00e4m\u00e4 kannat usein liiankin helposti ilman selvityksi\u00e4kin, mutta suuri osa median kuluttajista tuskin asialla vaivaa p\u00e4\u00e4t\u00e4\u00e4n.<br style=\"padding: 0px; margin: 0px\" \/><br style=\"padding: 0px; margin: 0px\" \/>Nykymaailmassa l\u00e4hes kaikissa tuotteissa on oltava tuoteselosteet valmistusmateriaaleista, lis\u00e4aineista, valmistukseen k\u00e4ytetyst\u00e4 energiasta ja jopa menetelmist\u00e4. Mink\u00e4 takia mediatalojen tuotteiden pit\u00e4isi olla t\u00e4st\u00e4 poikkeus?<br style=\"padding: 0px; margin: 0px\" \/>V\u00e4hint\u00e4, mit\u00e4 Yle ja Sanoma Oy voisivat tehd\u00e4, olisi tutkia mit\u00e4 mielt\u00e4 heid\u00e4n edustamiensa v\u00e4lineiden k\u00e4ytt\u00e4j\u00e4t asiasta ovat. Sek\u00e4 Yle ett\u00e4 Hesari teett\u00e4v\u00e4t Suomen Gallupilla ja Taloustutkimuksella \u00a0barometrej\u00e4 ja galluppeja paljon turhemmistakin aiheista. Kai t\u00e4h\u00e4nkin kysymykseen voisi helposti saada kuluttajien kannan, jos se vain halutaan tiet\u00e4\u00e4.<br style=\"padding: 0px; margin: 0px\" \/><br style=\"padding: 0px; margin: 0px\" \/>Asian selvitt\u00e4m\u00e4tt\u00e4 j\u00e4tt\u00e4minen on tietysti yhdenlainen kannanotto sekin.<\/span><\/p>\n","protected":false},"excerpt":{"rendered":"<p>&#8221;Helsingin Sanomien ja Ylen uutisten p\u00e4\u00e4toimittajat Mikael Pentik\u00e4inen ja Atte J\u00e4\u00e4skel\u00e4inen eiv\u00e4t halua selvitt\u00e4\u00e4 toimittajiensa puoluekantoja&#8221;, uutisoi Hesari Esa M\u00e4kisen laatimassa uutisessa uudella Media -palstallaan t\u00e4n\u00e4\u00e4n. Asia liittyy EVA:n johtajan, Matti Apusen t\u00e4m\u00e4nsuuntaiseen ehdotukseen samassa lehdess\u00e4 10.10.En pit\u00e4isi Apusen ideaa &hellip; <a href=\"https:\/\/www.reijoliinamaa.fi\/?p=87\">Lue loppuun <span class=\"meta-nav\">&rarr;<\/span><\/a><\/p>\n","protected":false},"author":2,"featured_media":0,"comment_status":"open","ping_status":"open","sticky":false,"template":"","format":"standard","meta":{"footnotes":""},"categories":[175,1],"tags":[],"class_list":["post-87","post","type-post","status-publish","format-standard","hentry","category-media","category-yleinen"],"_links":{"self":[{"href":"https:\/\/www.reijoliinamaa.fi\/index.php?rest_route=\/wp\/v2\/posts\/87","targetHints":{"allow":["GET"]}}],"collection":[{"href":"https:\/\/www.reijoliinamaa.fi\/index.php?rest_route=\/wp\/v2\/posts"}],"about":[{"href":"https:\/\/www.reijoliinamaa.fi\/index.php?rest_route=\/wp\/v2\/types\/post"}],"author":[{"embeddable":true,"href":"https:\/\/www.reijoliinamaa.fi\/index.php?rest_route=\/wp\/v2\/users\/2"}],"replies":[{"embeddable":true,"href":"https:\/\/www.reijoliinamaa.fi\/index.php?rest_route=%2Fwp%2Fv2%2Fcomments&post=87"}],"version-history":[{"count":1,"href":"https:\/\/www.reijoliinamaa.fi\/index.php?rest_route=\/wp\/v2\/posts\/87\/revisions"}],"predecessor-version":[{"id":2139,"href":"https:\/\/www.reijoliinamaa.fi\/index.php?rest_route=\/wp\/v2\/posts\/87\/revisions\/2139"}],"wp:attachment":[{"href":"https:\/\/www.reijoliinamaa.fi\/index.php?rest_route=%2Fwp%2Fv2%2Fmedia&parent=87"}],"wp:term":[{"taxonomy":"category","embeddable":true,"href":"https:\/\/www.reijoliinamaa.fi\/index.php?rest_route=%2Fwp%2Fv2%2Fcategories&post=87"},{"taxonomy":"post_tag","embeddable":true,"href":"https:\/\/www.reijoliinamaa.fi\/index.php?rest_route=%2Fwp%2Fv2%2Ftags&post=87"}],"curies":[{"name":"wp","href":"https:\/\/api.w.org\/{rel}","templated":true}]}}