{"id":86,"date":"2010-09-09T18:06:39","date_gmt":"2010-09-09T18:06:39","guid":{"rendered":"http:\/\/rexmusic.fi\/blogi\/?p=86"},"modified":"2021-02-21T08:02:03","modified_gmt":"2021-02-21T08:02:03","slug":"yle-mediakentan-kummajainenko","status":"publish","type":"post","link":"https:\/\/www.reijoliinamaa.fi\/?p=86","title":{"rendered":"Yle &#8211; mediakent\u00e4n kummajainenko?"},"content":{"rendered":"<p style=\"margin-top: 0px; margin-right: 0px; margin-bottom: 12px; margin-left: 0px; line-height: 15px; font: normal normal normal 12px\/normal Arial; color: #111111\"><strong>Helsingin Sanomat <\/strong>vy\u00f6rytt\u00e4\u00e4 j\u00e4lleen p\u00e4\u00e4kirjoituksessaan (090910) <strong>&#8221;Yleisradio ahnehtii liian suurta korotusta&#8221; <\/strong>t\u00e4yslaidallisen kohti Yle\u00e4. Pontimena on t\u00e4ll\u00e4 kertaa Ylen hallintoneuvoston hyv\u00e4ksym\u00e4 14 euron korotus TV -lupamaksuun.<\/p>\n<p style=\"margin-top: 0px; margin-right: 0px; margin-bottom: 12px; margin-left: 0px; line-height: 15px; font: normal normal normal 12px\/normal Arial; color: #111111\"><em><span style=\"white-space: pre\" class=\"Apple-tab-span\">\t<\/span><strong>&#8221;Yle on mediakent\u00e4n kummajainen siksi, ett\u00e4 sill\u00e4 on laissa \u2013 tosin kovin ep\u00e4selv\u00e4sti \u2013 m\u00e4\u00e4ritelty julkisen palvelun teht\u00e4v\u00e4 ja sit\u00e4 on <span style=\"white-space: pre\" class=\"Apple-tab-span\">\t<\/span>rahoitettava, <\/strong><strong>vaikka katsoisi vain kaupallisia kanavia&#8221;.<\/strong><\/em><\/p>\n<p style=\"margin-top: 0px; margin-right: 0px; margin-bottom: 12px; margin-left: 0px; line-height: 15px; font: normal normal normal 12px\/normal Arial; color: #111111\">Yle on kansan valitsemien edustajien kontrollissa oleva mediatalo ja eduskunta pystynee tarvittaessa nopeastikin tarkentamaan k\u00e4sitett\u00e4 &#8221;julkinen palvelu&#8221;, mik\u00e4li se on jollekin ep\u00e4selv\u00e4. Mik\u00e4li joku t\u00e4ysikasvuinen suomalainen todellakin pystyy tyydytt\u00e4m\u00e4\u00e4n tiedonjanonsa yksinomaan kaupallisia kanavia seuraamalla, niin erinomaiseksi tunnustettu suomalainen koululaitos on kyll\u00e4 totaalisesti ep\u00e4onnistunut kyseisten henkil\u00f6iden sivistyksellisess\u00e4 kasvatuksessa.<\/p>\n<p style=\"margin-top: 0px; margin-right: 0px; margin-bottom: 12px; margin-left: 0px; line-height: 15px; font: normal normal normal 12px\/normal Arial; color: #111111\"><em><strong><span style=\"white-space: pre\" class=\"Apple-tab-span\">\t<\/span>&#8221;Lis\u00e4ksi Yle on rahoituksen osalta t\u00e4ysin poliitikkojen armoilla ja siin\u00e4 mieless\u00e4 eri asemassa kuin valtiosta riippumaton media, kuten <span style=\"white-space: pre\" class=\"Apple-tab-span\">\t<\/span>sanomalehdist\u00f6.&#8221;<\/strong><\/em><\/p>\n<p style=\"margin-top: 0px; margin-right: 0px; margin-bottom: 12px; margin-left: 0px; line-height: 15px; font: normal normal normal 12px\/normal Arial; color: #111111\">Yle on poliitikkojen &#8221;armoilla&#8221;, koska se on eduskunnan valvonnassa! T\u00e4m\u00e4 on n\u00e4k\u00f6kulmakysymys. P\u00e4\u00e4kirjoittaman mainitsema &#8221;riippumaton media, kuten sanomalehdist\u00f6&#8221; puolestaan on t\u00e4ysin lehdiss\u00e4 mainostavien yritysten armoilla. T\u00e4m\u00e4 &#8221;armo&#8221; saatta loppua lyhyeen, jos media esitt\u00e4\u00e4 tai julkaisee mainostavaa yrityst\u00e4 arvostelevaa materiaalia. T\u00e4m\u00e4n konseptin aiheuttama itsesensuuri on seikka, mik\u00e4 asettaa p\u00e4\u00e4kirjoittajan ilmaisun &#8221;riippumaton&#8221; hieman outoon valoon.<\/p>\n<p style=\"margin-top: 0px; margin-right: 0px; margin-bottom: 12px; margin-left: 0px; line-height: 15px; font: normal normal normal 12px\/normal Arial; color: #111111\"><em><span style=\"white-space: pre\" class=\"Apple-tab-span\">\t<\/span>&#8221;On selv\u00e4\u00e4, ett\u00e4 Yleisradio tarjoaa nykyisin my\u00f6s sellaista ohjelmistoa, joka olisi kansalaisten saatavilla ilman Yle\u00e4 ja kansalaisten rahallista tukea.<span style=\"white-space: pre\" class=\"Apple-tab-span\">\t<\/span><strong>Siksi Yleisradion johdon pit\u00e4isi kyseenalaistaa Ylen tekemisi\u00e4 ja keskitty\u00e4 julkiseen palveluun.<\/strong> Kaikki s\u00e4hk\u00f6inen media ei ole julkista palvelua, <span style=\"white-space: pre\" class=\"Apple-tab-span\">\t<\/span>vaikka Pasilassa on ollut niin tapana ajatella.&#8221;<\/em><\/p>\n<p style=\"margin-top: 0px; margin-right: 0px; margin-bottom: 12px; margin-left: 0px; line-height: 15px; font: normal normal normal 12px\/normal Arial; color: #111111\">Lihavoidussa tekstiss\u00e4 on l\u00e4hell\u00e4 sellainenkin ajatus, ett\u00e4 ohjeistaako kokoomustaustainen p\u00e4\u00e4toimittaja t\u00e4ss\u00e4 Ylen kokoomuksen mandaatilla valittua p\u00e4\u00e4johtajaa?<\/p>\n<p style=\"margin-top: 0px; margin-right: 0px; margin-bottom: 12px; margin-left: 0px; line-height: 15px; font: normal normal normal 12px\/normal Arial; color: #111111\">Yle on hoitanut erityisen hyvin juuri verkossa toimivan s\u00e4hk\u00f6isen palvelunsa, mik\u00e4 on avannut kaikkien suomalaisten katseltavaksi ja kuunneltavaksi uskomattoman m\u00e4\u00e4r\u00e4n kansallisia radio- ja tv -toiminnan aarteita. Ainakin t\u00e4m\u00e4 osuus yhdess\u00e4 s\u00e4hk\u00f6isen, maksuttoman uutisv\u00e4lityksen kanssa ovat asioita, jotka verkkomedian puolella ilmiselv\u00e4sti kuuluvat Ylelle m\u00e4\u00e4riteltyyn &#8221;julkisen palvelun&#8221; teht\u00e4v\u00e4kentt\u00e4\u00e4n.<\/p>\n<p style=\"margin-top: 0px; margin-right: 0px; margin-bottom: 12px; margin-left: 0px; line-height: 15px; font: normal normal normal 12px\/normal Arial; color: #111111\">Helsingin Sanomien omaksuman tavan mukaan p\u00e4\u00e4kirjoitus on ilman allekirjoitusta. Villi veikkaukseni on, ett\u00e4 lehden uusi p\u00e4\u00e4toimittaja<strong> Mikael Pentik\u00e4inen<\/strong> on aloittanut sen ty\u00f6n, mit\u00e4 varten h\u00e4net on teht\u00e4v\u00e4\u00e4ns\u00e4 valittu: Ylen aseman murentamisen!<\/p>\n","protected":false},"excerpt":{"rendered":"<p>Helsingin Sanomat vy\u00f6rytt\u00e4\u00e4 j\u00e4lleen p\u00e4\u00e4kirjoituksessaan (090910) &#8221;Yleisradio ahnehtii liian suurta korotusta&#8221; t\u00e4yslaidallisen kohti Yle\u00e4. Pontimena on t\u00e4ll\u00e4 kertaa Ylen hallintoneuvoston hyv\u00e4ksym\u00e4 14 euron korotus TV -lupamaksuun. &#8221;Yle on mediakent\u00e4n kummajainen siksi, ett\u00e4 sill\u00e4 on laissa \u2013 tosin kovin ep\u00e4selv\u00e4sti \u2013 &hellip; <a href=\"https:\/\/www.reijoliinamaa.fi\/?p=86\">Lue loppuun <span class=\"meta-nav\">&rarr;<\/span><\/a><\/p>\n","protected":false},"author":2,"featured_media":0,"comment_status":"open","ping_status":"open","sticky":false,"template":"","format":"standard","meta":{"footnotes":""},"categories":[175,1],"tags":[],"class_list":["post-86","post","type-post","status-publish","format-standard","hentry","category-media","category-yleinen"],"_links":{"self":[{"href":"https:\/\/www.reijoliinamaa.fi\/index.php?rest_route=\/wp\/v2\/posts\/86","targetHints":{"allow":["GET"]}}],"collection":[{"href":"https:\/\/www.reijoliinamaa.fi\/index.php?rest_route=\/wp\/v2\/posts"}],"about":[{"href":"https:\/\/www.reijoliinamaa.fi\/index.php?rest_route=\/wp\/v2\/types\/post"}],"author":[{"embeddable":true,"href":"https:\/\/www.reijoliinamaa.fi\/index.php?rest_route=\/wp\/v2\/users\/2"}],"replies":[{"embeddable":true,"href":"https:\/\/www.reijoliinamaa.fi\/index.php?rest_route=%2Fwp%2Fv2%2Fcomments&post=86"}],"version-history":[{"count":1,"href":"https:\/\/www.reijoliinamaa.fi\/index.php?rest_route=\/wp\/v2\/posts\/86\/revisions"}],"predecessor-version":[{"id":2138,"href":"https:\/\/www.reijoliinamaa.fi\/index.php?rest_route=\/wp\/v2\/posts\/86\/revisions\/2138"}],"wp:attachment":[{"href":"https:\/\/www.reijoliinamaa.fi\/index.php?rest_route=%2Fwp%2Fv2%2Fmedia&parent=86"}],"wp:term":[{"taxonomy":"category","embeddable":true,"href":"https:\/\/www.reijoliinamaa.fi\/index.php?rest_route=%2Fwp%2Fv2%2Fcategories&post=86"},{"taxonomy":"post_tag","embeddable":true,"href":"https:\/\/www.reijoliinamaa.fi\/index.php?rest_route=%2Fwp%2Fv2%2Ftags&post=86"}],"curies":[{"name":"wp","href":"https:\/\/api.w.org\/{rel}","templated":true}]}}