{"id":85,"date":"2010-07-06T08:20:57","date_gmt":"2010-07-06T08:20:57","guid":{"rendered":"http:\/\/rexmusic.fi\/blogi\/?p=85"},"modified":"2018-07-20T08:14:51","modified_gmt":"2018-07-20T08:14:51","slug":"gallup-kysymys-pitaisiko-kaikkien-voittaa-lotossa","status":"publish","type":"post","link":"https:\/\/www.reijoliinamaa.fi\/?p=85","title":{"rendered":"Gallup kysymys: Pit\u00e4isik\u00f6 kaikkien voittaa lotossa?"},"content":{"rendered":"<p style=\"font: normal normal normal 14px\/normal Helvetica; margin: 0px\">&nbsp;<\/p>\n<p style=\"font: normal normal normal 14px\/normal Helvetica; margin: 0px\">Politiikan tiimoilla teht\u00e4v\u00e4 mielipiteiden kysely alkaa pikkuhiljaa kypsytt\u00e4\u00e4. YLE tekee niit\u00e4 niin s\u00e4\u00e4nn\u00f6llisesti, ett\u00e4 kyseess\u00e4 t\u00e4ytyy olla poliittisen eliitin kanssa sovittu piilopuoluetuki: Puolueet v\u00e4lttyv\u00e4t k\u00e4ytt\u00e4m\u00e4st\u00e4 omia varojaan mielipideilmastossa tapahtuvien muutosten kartoittamisessa, kun homma annetaan &#8221;eduskunnan valvoman&#8221; yleisradion teht\u00e4v\u00e4ksi.<\/p>\n<p style=\"font: normal normal normal 14px\/normal Helvetica; min-height: 17px; margin: 0px\">&nbsp;<\/p>\n<p style=\"font: normal normal normal 14px\/normal Helvetica; margin: 0px\">Kokonaan oma lukunsa on Helsingin Sanomien tekem\u00e4t omat gallupit. Niill\u00e4 on aina ollut oma agendansa, johon liittyy sek\u00e4 uutismateriaalin hankinta ett\u00e4 ns. <strong>journalistinen arvovalintavaikuttaminen<\/strong>. T\u00e4n\u00e4\u00e4n 6. hein\u00e4kuuta lehti julkisti p\u00e4\u00e4ministerigalluppinsa, jossa suomalaisilta kyseltiin mieluisinta p\u00e4\u00e4ministeri\u00e4. T\u00e4m\u00e4 on huvittavaa, koska vain muutama viikko sitten Lahdessa n\u00e4htiin, miten p\u00e4\u00e4ministeri Suomessa voidaan valita parilla sadalla \u00e4\u00e4nell\u00e4. Vaikka valittu Mari Kiviniemi t\u00e4ytt\u00e4\u00e4kin kaikki p\u00e4\u00e4ministerille asetettavat vaatimukset, ei valintaprosessi ole kunniaksi suomalaiselle demokratialle.<\/p>\n<p style=\"font: normal normal normal 14px\/normal Helvetica; min-height: 17px; margin: 0px\">&nbsp;<\/p>\n<p style=\"font: normal normal normal 14px\/normal Helvetica; margin: 0px\"><strong>Miksi Hesari sitten kyselee kansan mielipidett\u00e4 p\u00e4\u00e4ministerist\u00e4, vaikka kansa ei p\u00e4\u00e4sek\u00e4\u00e4n t\u00e4t\u00e4 valitsemaan?<\/strong><\/p>\n<p style=\"font: normal normal normal 14px\/normal Helvetica; margin: 0px\">&nbsp;<\/p>\n<p style=\"font: normal normal normal 14px\/normal Helvetica; margin: 0px\">Tarkoitus ei voi olla muu kuin t\u00e4m\u00e4: Rivien v\u00e4liss\u00e4 kansalaista rohkaistaan tekem\u00e4\u00e4n \u00e4\u00e4nestysp\u00e4\u00e4t\u00f6s, joka pohjautuu pikemmin p\u00e4\u00e4ministeriehdokkaan henkil\u00f6\u00f6n kuin h\u00e4nen edustamansa puolueen ohjelmaan. Mielest\u00e4ni t\u00e4m\u00e4 on melko kieroa menettely\u00e4.<\/p>\n<p style=\"font: normal normal normal 14px\/normal Helvetica; min-height: 17px; margin: 0px\">&nbsp;<\/p>\n<p style=\"font: normal normal normal 14px\/normal Helvetica; margin: 0px\">P\u00e4\u00e4ministerin valintaprosessin demokratisoimisesta olisi ehdottomasti syyt\u00e4 keskustella. Varsinkin, jos presidentin ulkopoliittista valtaa on pikkuhiljaa tarkoitus siirt\u00e4\u00e4 p\u00e4\u00e4ministerille. Ei kai kukaan meist\u00e4 halua tilannetta, miss\u00e4 korkeinta ulkopoliittista p\u00e4\u00e4t\u00f6svaltaa maassamme k\u00e4ytt\u00e4v\u00e4 henkil\u00f6 valittaisiin teht\u00e4v\u00e4\u00e4ns\u00e4 keskustapuolueen Lahden puoluekokouksessa n\u00e4hdyll\u00e4 tavalla?<\/p>\n<p><font class=\"Apple-style-span\" face=\"Helvetica, 'Times New Roman', Times, serif\" size=\"4\"><span class=\"Apple-style-span\" style=\"font-size: 14px; line-height: normal\"><\/span><\/font><\/p>\n","protected":false},"excerpt":{"rendered":"<p>&nbsp; Politiikan tiimoilla teht\u00e4v\u00e4 mielipiteiden kysely alkaa pikkuhiljaa kypsytt\u00e4\u00e4. YLE tekee niit\u00e4 niin s\u00e4\u00e4nn\u00f6llisesti, ett\u00e4 kyseess\u00e4 t\u00e4ytyy olla poliittisen eliitin kanssa sovittu piilopuoluetuki: Puolueet v\u00e4lttyv\u00e4t k\u00e4ytt\u00e4m\u00e4st\u00e4 omia varojaan mielipideilmastossa tapahtuvien muutosten kartoittamisessa, kun homma annetaan &#8221;eduskunnan valvoman&#8221; yleisradion teht\u00e4v\u00e4ksi. &nbsp; &hellip; <a href=\"https:\/\/www.reijoliinamaa.fi\/?p=85\">Lue loppuun <span class=\"meta-nav\">&rarr;<\/span><\/a><\/p>\n","protected":false},"author":2,"featured_media":0,"comment_status":"open","ping_status":"open","sticky":false,"template":"","format":"standard","meta":{"footnotes":""},"categories":[4],"tags":[],"class_list":["post-85","post","type-post","status-publish","format-standard","hentry","category-arkisto"],"_links":{"self":[{"href":"https:\/\/www.reijoliinamaa.fi\/index.php?rest_route=\/wp\/v2\/posts\/85","targetHints":{"allow":["GET"]}}],"collection":[{"href":"https:\/\/www.reijoliinamaa.fi\/index.php?rest_route=\/wp\/v2\/posts"}],"about":[{"href":"https:\/\/www.reijoliinamaa.fi\/index.php?rest_route=\/wp\/v2\/types\/post"}],"author":[{"embeddable":true,"href":"https:\/\/www.reijoliinamaa.fi\/index.php?rest_route=\/wp\/v2\/users\/2"}],"replies":[{"embeddable":true,"href":"https:\/\/www.reijoliinamaa.fi\/index.php?rest_route=%2Fwp%2Fv2%2Fcomments&post=85"}],"version-history":[{"count":1,"href":"https:\/\/www.reijoliinamaa.fi\/index.php?rest_route=\/wp\/v2\/posts\/85\/revisions"}],"predecessor-version":[{"id":829,"href":"https:\/\/www.reijoliinamaa.fi\/index.php?rest_route=\/wp\/v2\/posts\/85\/revisions\/829"}],"wp:attachment":[{"href":"https:\/\/www.reijoliinamaa.fi\/index.php?rest_route=%2Fwp%2Fv2%2Fmedia&parent=85"}],"wp:term":[{"taxonomy":"category","embeddable":true,"href":"https:\/\/www.reijoliinamaa.fi\/index.php?rest_route=%2Fwp%2Fv2%2Fcategories&post=85"},{"taxonomy":"post_tag","embeddable":true,"href":"https:\/\/www.reijoliinamaa.fi\/index.php?rest_route=%2Fwp%2Fv2%2Ftags&post=85"}],"curies":[{"name":"wp","href":"https:\/\/api.w.org\/{rel}","templated":true}]}}