{"id":80,"date":"2010-04-02T14:55:24","date_gmt":"2010-04-02T14:55:24","guid":{"rendered":"http:\/\/rexmusic.fi\/blogi\/?p=80"},"modified":"2018-07-20T08:18:02","modified_gmt":"2018-07-20T08:18:02","slug":"janne-virkkunen-vaistyy","status":"publish","type":"post","link":"https:\/\/www.reijoliinamaa.fi\/?p=80","title":{"rendered":"Janne Virkkunen v\u00e4istyy"},"content":{"rendered":"<p style=\"font: normal normal normal 12px\/normal Helvetica; margin: 0px\">Suomalaisessa mielipideilmastossa kuului selv\u00e4\u00e4 historian siipien havinaa, kun Helsingin Sanomien p\u00e4\u00e4toimittajana l\u00e4hes 20 vuotta toiminut <strong>Janne Virkkunen<\/strong> j\u00e4i el\u00e4kkeelle. Voi v\u00e4itt\u00e4\u00e4, ett\u00e4 Hesarin asema suomalaisten mielipiteiden muotoutumisessa on eurooppalaisessakin mittakaavassa ainutlaatuinen. T\u00e4h\u00e4n vaikuttaa ennen kaikkea lehden ylivoimainen levikki, mutta my\u00f6s keskim\u00e4\u00e4r\u00e4isesti arvioituna laadukas journalismi.<\/p>\n<p style=\"font: normal normal normal 12px\/normal Helvetica; min-height: 14px; margin: 0px\">&nbsp;<\/p>\n<p style=\"font: normal normal normal 12px\/normal Helvetica; margin: 0px\">T\u00e4st\u00e4 ylivoimaisuudesta seuraa, ett\u00e4\u00a0 omistajille saattaa ajoittain tulla kiusaus k\u00e4ytt\u00e4\u00e4 v\u00e4linett\u00e4\u00e4n omien intressiens\u00e4 ajamiseen. T\u00e4m\u00e4 on ammattitaitoisesti johdetulle lehdelle helppoa. Ei tarvitse kuin suorittaa hieman painotettua uutisointia ja k\u00e4ytt\u00e4\u00e4 huolellisesti valittuja kirjoittajia tekem\u00e4\u00e4n juttuja asetettuja p\u00e4\u00e4m\u00e4\u00e4ri\u00e4 palvelevista aiheista. Yht\u00e4 t\u00e4rke\u00e4t\u00e4 kuin se, mist\u00e4 kirjoitetaan, on tietysti se mist\u00e4 <strong>EI<\/strong> kirjoiteta.<\/p>\n<p style=\"font: normal normal normal 12px\/normal Helvetica; min-height: 14px; margin: 0px\">&nbsp;<\/p>\n<p style=\"font: normal normal normal 12px\/normal Helvetica; margin: 0px\">V\u00e4istyv\u00e4 p\u00e4\u00e4toimittaja vieraili viimeisen\u00e4 ty\u00f6p\u00e4iv\u00e4n\u00e4\u00e4n aprillip\u00e4iv\u00e4n aattona ykk\u00f6sen aamussa<strong> toimittaja Katri Makkosen<\/strong> vieraana.\u00a0 Haastattelun mielenkiintoisinta antia oli keskustelu siit\u00e4, kuinka avoimesti n\u00e4in ylivertaisessa asemassa oleva sanomalehti voi kansan mielipiteit\u00e4 jakaviin asioihin ottaa kantaa. Ei ole salaisuus, ett\u00e4 Sanoma Oy:ss\u00e4 poksauteltiin kuohuviinej\u00e4 sin\u00e4 p\u00e4iv\u00e4n\u00e4, kun Suomesta tuli EU:n j\u00e4sen. Asiaa oli lehdess\u00e4 ajettu vahvasti ja m\u00e4\u00e4r\u00e4tietoisesti vuosien ajan.<\/p>\n<p style=\"font: normal normal normal 12px\/normal Helvetica; min-height: 14px; margin: 0px\">&nbsp;<\/p>\n<p style=\"font: normal normal normal 12px\/normal Helvetica; margin: 0px\">Toimittaja Makkonen oli Ylen arkistoista l\u00f6yt\u00e4nyt vanhan,\u00a0 tuolloin viel\u00e4 melko tuoreen p\u00e4\u00e4toimittaja Virkkusen haastattelun, miss\u00e4 h\u00e4n kertoo lehdell\u00e4 olevan valtaa<em> &#8221;jolla voi nostaa lehden t\u00e4rkein\u00e4 pit\u00e4mi\u00e4 asioita esiin ja tuoda siten uusia elementtej\u00e4 p\u00e4\u00e4t\u00f6ksentekoon ja pit\u00e4\u00e4 niit\u00e4 esill\u00e4 niin kauan, ett\u00e4 syntyy poliittista painetta p\u00e4\u00e4t\u00f6ksentekoon&#8221;<\/em>. Pari vuosikymment\u00e4 lausuntonsa j\u00e4lkeenk\u00e4\u00e4n Virkkunen ei n\u00e4hnyt tarpeelliseksi muuttaa ajatteluaan. Vaikka toimittaja Makkonen ei, j\u00e4\u00e4hyv\u00e4ishaastattelun hengen mukaisesti, vierastaan kovin ahtaalle laittanutkaan, joutui Virkkunen kutenkin tapailemaan sanojaan vuosien takaista lausuntoaan kommentoidessaan.<\/p>\n<p style=\"font: normal normal normal 12px\/normal Helvetica; min-height: 14px; margin: 0px\">&nbsp;<\/p>\n<p style=\"font: normal normal normal 12px\/normal Helvetica; margin: 0px\">Jos ken on Hesarin p\u00e4\u00e4kirjoituksia muutaman vuoden aikana lueskellut, on voinut havaita, miten voimakkaasti lehden p\u00e4\u00e4kirjoituskollegio otti kantaa aikanaan EU:iin liittymisen puolesta,\u00a0 \u00e4skett\u00e4in kysymykseen presidentin valtaoikeuksien leikkaamiseen ja nyt viimeksi Ylen julkisen palvelun laajuuden m\u00e4\u00e4rittelemisen tarpeellisuuteen. Jossakin m\u00e4\u00e4rin t\u00e4m\u00e4 on jyrk\u00e4ss\u00e4 ristiriidassa Virkkusen jokin aika sitten lehdess\u00e4\u00e4n esitt\u00e4m\u00e4\u00e4n lausumaan, jonka mukaan <em>&#8221;on vaarallista, ett\u00e4 toimittajat pyrkiv\u00e4t parantamaan maailmaa helposti syntyvill\u00e4 n\u00e4k\u00f6kulmillaan mieluummin, kuin ett\u00e4 tekisiv\u00e4t tasapainoisia ja asiapohjaisia juttuja&#8221;.<\/em><\/p>\n<p style=\"font: normal normal normal 12px\/normal Helvetica; margin: 0px\">T\u00e4llaiseen &#8221;vaaralliseen toimintaan&#8221; osallistuminen on HS:n p\u00e4\u00e4kirjoituskollegiolle ollut pikemmin s\u00e4\u00e4nt\u00f6 kuin poikkeus. On mielenkiintoista n\u00e4hd\u00e4, mink\u00e4 kannan lehti tulee ottamaan esim. juuri nyt kuumana k\u00e4yv\u00e4\u00e4n maahanmuuttokeskusteluun.<\/p>\n<p style=\"font: normal normal normal 12px\/normal Helvetica; min-height: 14px; margin: 0px\">&nbsp;<\/p>\n<p style=\"font: normal normal normal 12px\/normal Helvetica; margin: 0px\">Mit\u00e4 merkityst\u00e4 sill\u00e4 sitten on, ett\u00e4 yksityisomisteinen, laajalevikkinen valtamedia julkaisee sivuillaan poliittisen p\u00e4\u00e4t\u00f6ksenteon piiriin kuuluviin asioihin selkeit\u00e4 kantoja?<\/p>\n<p style=\"font: normal normal normal 12px\/normal Helvetica; margin: 0px\">&nbsp;<\/p>\n<p style=\"font: normal normal normal 12px\/normal Helvetica; margin: 0px\">Kun kantaa ottaa selv\u00e4sti puoluesidonnainen maakuntalehti, voi lukija asemoida kannanoton sen mukaan. Yleisradion kohdalla taas viimeaikaisen Ylemaksu -keskustelun hyv\u00e4 puoli oli se, ett\u00e4 moneen kertaan tuli lausutuksi Ylen asema kansan edustajien ( = kansan&#8230;) valvomana laitoksena. Ylily\u00f6nnit huomataan ja ne k\u00e4sitell\u00e4\u00e4n julkisuudessa perusteellisesti ( vrt. nk. lautakasajuttu).<\/p>\n<p style=\"font: normal normal normal 12px\/normal Helvetica; margin: 0px\">Aamulehti -konserni sanomalehtineen ja TV -kanavineen on monissa yhteyksiss\u00e4 liputtanut avoimesti poliittisen oikeiston v\u00e4reill\u00e4, joten niidenkin kannat ovat etuk\u00e4teen arvattavissa.<\/p>\n<p style=\"font: normal normal normal 12px\/normal Helvetica; margin: 0px\">Helsingin Sanomat sensijaan on kautta aikojen korostanut poliittista riippumattomuuttaan, objektiivisuuttaan ja puolueettomuuttaan, mihin suuri osa lukijoista viel\u00e4kin uskoo. T\u00e4m\u00e4 kuva on viime vuosina alkanut s\u00e4r\u00f6ill\u00e4 pahasti.<\/p>\n<p style=\"font: normal normal normal 12px\/normal Helvetica; min-height: 14px; margin: 0px\">&nbsp;<\/p>\n<p style=\"font: normal normal normal 12px\/normal Helvetica; margin: 0px\">Kun ruoriin nyt astui Sanoma News&#8217;in toimitusjohtajan paikalta <strong>Mikael Pentik\u00e4inen<\/strong>, voidaan Janne Virkkusen kauden tiedotukselliseen arvovalintavaikuttamiseen\u00a0odottaa edelleen lis\u00e4\u00e4ntyv\u00e4\u00e4 painetta. Jos t\u00e4m\u00e4 asia lukijoille avoimesti kerrottaisiin, olisi asia OK. Mutta tullaanko niin tekem\u00e4\u00e4n?<\/p>\n<p style=\"font: normal normal normal 12px\/normal Helvetica; margin: 0px\">Ep\u00e4ilen. Vastuu j\u00e4\u00e4, kuten savolaisittain sanotaan, lukijalle.<\/p>\n","protected":false},"excerpt":{"rendered":"<p>Suomalaisessa mielipideilmastossa kuului selv\u00e4\u00e4 historian siipien havinaa, kun Helsingin Sanomien p\u00e4\u00e4toimittajana l\u00e4hes 20 vuotta toiminut Janne Virkkunen j\u00e4i el\u00e4kkeelle. Voi v\u00e4itt\u00e4\u00e4, ett\u00e4 Hesarin asema suomalaisten mielipiteiden muotoutumisessa on eurooppalaisessakin mittakaavassa ainutlaatuinen. T\u00e4h\u00e4n vaikuttaa ennen kaikkea lehden ylivoimainen levikki, mutta my\u00f6s &hellip; <a href=\"https:\/\/www.reijoliinamaa.fi\/?p=80\">Lue loppuun <span class=\"meta-nav\">&rarr;<\/span><\/a><\/p>\n","protected":false},"author":2,"featured_media":0,"comment_status":"open","ping_status":"open","sticky":false,"template":"","format":"standard","meta":{"footnotes":""},"categories":[175],"tags":[],"class_list":["post-80","post","type-post","status-publish","format-standard","hentry","category-media"],"_links":{"self":[{"href":"https:\/\/www.reijoliinamaa.fi\/index.php?rest_route=\/wp\/v2\/posts\/80","targetHints":{"allow":["GET"]}}],"collection":[{"href":"https:\/\/www.reijoliinamaa.fi\/index.php?rest_route=\/wp\/v2\/posts"}],"about":[{"href":"https:\/\/www.reijoliinamaa.fi\/index.php?rest_route=\/wp\/v2\/types\/post"}],"author":[{"embeddable":true,"href":"https:\/\/www.reijoliinamaa.fi\/index.php?rest_route=\/wp\/v2\/users\/2"}],"replies":[{"embeddable":true,"href":"https:\/\/www.reijoliinamaa.fi\/index.php?rest_route=%2Fwp%2Fv2%2Fcomments&post=80"}],"version-history":[{"count":1,"href":"https:\/\/www.reijoliinamaa.fi\/index.php?rest_route=\/wp\/v2\/posts\/80\/revisions"}],"predecessor-version":[{"id":837,"href":"https:\/\/www.reijoliinamaa.fi\/index.php?rest_route=\/wp\/v2\/posts\/80\/revisions\/837"}],"wp:attachment":[{"href":"https:\/\/www.reijoliinamaa.fi\/index.php?rest_route=%2Fwp%2Fv2%2Fmedia&parent=80"}],"wp:term":[{"taxonomy":"category","embeddable":true,"href":"https:\/\/www.reijoliinamaa.fi\/index.php?rest_route=%2Fwp%2Fv2%2Fcategories&post=80"},{"taxonomy":"post_tag","embeddable":true,"href":"https:\/\/www.reijoliinamaa.fi\/index.php?rest_route=%2Fwp%2Fv2%2Ftags&post=80"}],"curies":[{"name":"wp","href":"https:\/\/api.w.org\/{rel}","templated":true}]}}