{"id":79,"date":"2010-03-13T09:40:53","date_gmt":"2010-03-13T09:40:53","guid":{"rendered":"http:\/\/rexmusic.fi\/blogi\/?p=79"},"modified":"2018-07-20T08:21:38","modified_gmt":"2018-07-20T08:21:38","slug":"mediakentta-poreilee-ja-paukkuu","status":"publish","type":"post","link":"https:\/\/www.reijoliinamaa.fi\/?p=79","title":{"rendered":"Mediakentt\u00e4 poreilee ja paukkuu"},"content":{"rendered":"<p><strong>Kuluneen viikon<\/strong> suuri mediauutinen oli viestint\u00e4ministeri Suvi Lindenin (kok) p\u00e4\u00e4t\u00f6s siirt\u00e4\u00e4 ns. Yle -laki seuraavalle hallitukselle. Ministerin ratkaisu on saanut tylyn tuomion sek\u00e4 omien ett\u00e4 opposition keskuudessa. Helsingin Sanomat otsikoi asiaa 13.3 Kotimaa -osastollaan n\u00e4in: &#8221;Yle -lain kaatuminen oli farssi.&#8221;<br \/>\n<strong>Marko Junkkarin<\/strong> kirjoittama uutisanalyysi on piilotettu lehden sivulle 12. Verkkosivuilla juttua ei n\u00e4y. Lindenin ratkaisua analysoidessaan Junkkari kirjoittaa mm: &#8221;Lindeniin kohdistui kovat paineet eri tahoilta&#8230;kaupallinen media lobbasi ministeri\u00e4, sill\u00e4 se oli huolissaan siit\u00e4, ett\u00e4 julkisin varoin toimiva Yle v\u00e4\u00e4rist\u00e4\u00e4 kilpailua esim. satsauksillaan internetpalveluihin ja urheilukisojen oikeuksiin&#8221;<\/p>\n<p><strong>Ilmaisu &#8221;kaupallinen media&#8221;<\/strong> pit\u00e4\u00e4 t\u00e4ss\u00e4 yhteydess\u00e4 sis\u00e4ll\u00e4\u00e4n l\u00e4hes yksinomaan Sanoma Oy:n ja sen lobbaajia, oletettavasti Aamulehden -konsernin sivustatuella. Sanoma News&#8217;in nykyinen toimitusjohtaja ja Hesarin tuleva p\u00e4\u00e4toimittaja <strong>Mikael Pentik\u00e4inen<\/strong> on jo parin vuoden ajan k\u00e4ytt\u00e4nyt ty\u00f6nantajansa medioissa palstatilaa sen puolesta, ett\u00e4 Ylen toimintakentt\u00e4\u00e4 rajattaisiin. On selv\u00e4\u00e4, ett\u00e4 juuri Sanomien lobbauksen seurauksena viestint\u00e4ministeri muutti <strong>Mika Lintil\u00e4n<\/strong> johtaman parlamentaarisen ty\u00f6ryhm\u00e4n yksimielist\u00e4 ehdotusta niin, ett\u00e4 siihen lis\u00e4ttiin ajatus komissiosta, jonka teht\u00e4v\u00e4n\u00e4 olisi &#8221;valvoa media-alan kilpailua&#8221;. Todellisuudessa t\u00e4m\u00e4 neuvosto ryhtyisi v\u00e4litt\u00f6m\u00e4sti nimitt\u00e4misens\u00e4 j\u00e4lkeen ehdottelemaan rajoituksia Ylen toimintakentt\u00e4\u00e4n. Ensimm\u00e4isen\u00e4 tulilinjalle joutuisi Ylen erinomaisesti hoidettu verkkopalvelu Areenoineen ja sen j\u00e4lkeen alettaisiin vaatimaan Yle\u00e4 luopumaan kaupallisen median n\u00e4k\u00f6kulmasta kiinnostavimpien urheilutapahtumien televisioinnista.<\/p>\n<p><strong>Oppositio<\/strong> toimii asiassa ryhdikk\u00e4\u00e4sti kielt\u00e4ytyess\u00e4\u00e4n hyv\u00e4ksym\u00e4st\u00e4 ministerin sormeilemaa, parlamentaarisen ty\u00f6ryhm\u00e4n yksimielist\u00e4 ehdotusta Yle -laiksi. Tosin Junkkari yritt\u00e4\u00e4 viel\u00e4kin kaataa farssia opposition niskaan sanomalla, ettei &#8221;farssi ole kunniaksi demarioppositiolle, joka tuntuu hakevan pelin paikkaa joka tilanteessa&#8221;. No, Marko, eik\u00f6s se ole opposition teht\u00e4v\u00e4? Ja lienee pinttyneenkin Sanoma Oy:n silm\u00e4lasien l\u00e4pi katsovan Hesarin kolumnistin pakko my\u00f6nt\u00e4\u00e4, ettei parlamentaarisen ty\u00f6ryhm\u00e4n yksimielisen esityksen takana pit\u00e4ytymist\u00e4 oikein voida min\u00e4\u00e4n riidankylv\u00e4misen\u00e4k\u00e4\u00e4n pit\u00e4\u00e4. Vai kuinka?<\/p>\n<p>&nbsp;<\/p>\n","protected":false},"excerpt":{"rendered":"<p>Kuluneen viikon suuri mediauutinen oli viestint\u00e4ministeri Suvi Lindenin (kok) p\u00e4\u00e4t\u00f6s siirt\u00e4\u00e4 ns. Yle -laki seuraavalle hallitukselle. Ministerin ratkaisu on saanut tylyn tuomion sek\u00e4 omien ett\u00e4 opposition keskuudessa. Helsingin Sanomat otsikoi asiaa 13.3 Kotimaa -osastollaan n\u00e4in: &#8221;Yle -lain kaatuminen oli farssi.&#8221; &hellip; <a href=\"https:\/\/www.reijoliinamaa.fi\/?p=79\">Lue loppuun <span class=\"meta-nav\">&rarr;<\/span><\/a><\/p>\n","protected":false},"author":2,"featured_media":0,"comment_status":"open","ping_status":"open","sticky":false,"template":"","format":"standard","meta":{"footnotes":""},"categories":[175],"tags":[],"class_list":["post-79","post","type-post","status-publish","format-standard","hentry","category-media"],"_links":{"self":[{"href":"https:\/\/www.reijoliinamaa.fi\/index.php?rest_route=\/wp\/v2\/posts\/79","targetHints":{"allow":["GET"]}}],"collection":[{"href":"https:\/\/www.reijoliinamaa.fi\/index.php?rest_route=\/wp\/v2\/posts"}],"about":[{"href":"https:\/\/www.reijoliinamaa.fi\/index.php?rest_route=\/wp\/v2\/types\/post"}],"author":[{"embeddable":true,"href":"https:\/\/www.reijoliinamaa.fi\/index.php?rest_route=\/wp\/v2\/users\/2"}],"replies":[{"embeddable":true,"href":"https:\/\/www.reijoliinamaa.fi\/index.php?rest_route=%2Fwp%2Fv2%2Fcomments&post=79"}],"version-history":[{"count":5,"href":"https:\/\/www.reijoliinamaa.fi\/index.php?rest_route=\/wp\/v2\/posts\/79\/revisions"}],"predecessor-version":[{"id":482,"href":"https:\/\/www.reijoliinamaa.fi\/index.php?rest_route=\/wp\/v2\/posts\/79\/revisions\/482"}],"wp:attachment":[{"href":"https:\/\/www.reijoliinamaa.fi\/index.php?rest_route=%2Fwp%2Fv2%2Fmedia&parent=79"}],"wp:term":[{"taxonomy":"category","embeddable":true,"href":"https:\/\/www.reijoliinamaa.fi\/index.php?rest_route=%2Fwp%2Fv2%2Fcategories&post=79"},{"taxonomy":"post_tag","embeddable":true,"href":"https:\/\/www.reijoliinamaa.fi\/index.php?rest_route=%2Fwp%2Fv2%2Ftags&post=79"}],"curies":[{"name":"wp","href":"https:\/\/api.w.org\/{rel}","templated":true}]}}