{"id":77,"date":"2010-01-29T04:54:14","date_gmt":"2010-01-29T01:54:14","guid":{"rendered":"http:\/\/rexmusic.fi\/blogi\/?p=77"},"modified":"2010-01-29T04:54:14","modified_gmt":"2010-01-29T01:54:14","slug":"obamanvihaajat","status":"publish","type":"post","link":"https:\/\/www.reijoliinamaa.fi\/?p=77","title":{"rendered":"Obamanvihaajat"},"content":{"rendered":"<p>TV1 esitti to 28.1 melko puistattavan ohjelman USA:n ensimm\u00e4isen v\u00e4rillisen presidentin her\u00e4tt\u00e4mist\u00e4 reaktioista. Barack Obama on hallinnut maata nyt l\u00e4hes tasan vuoden.&#8221;No nigger should rule a white man&#8221; sanoi Klu Klux Klanin edustaja kameralle ennenkuin h\u00e4nen edustamansa ryhm\u00e4 suoritti rituaalinsa, jossa poltettiin suurikokoinen risti pime\u00e4ss\u00e4 y\u00f6ss\u00e4. T\u00e4m\u00e4kin ryhm\u00e4 siis edelleen on olemassa.<\/p>\n<p>Ohjelmassa esiintynyt mediatutkija <strong>Karl Frisch<\/strong> esitti selke\u00e4n analyysin tilanteesta, miss\u00e4 mielipiteenvapauden nimiss\u00e4 mik\u00e4 tahansa media voi esitt\u00e4\u00e4 l\u00e4hes mit\u00e4 tahansa valheita julkisesti pelk\u00e4\u00e4m\u00e4tt\u00e4 sanktioita. Eik\u00e4 t\u00e4h\u00e4n moraalisesti ala-arvoiseen toimintaan syyllistyt\u00e4 ainoastaan netiss\u00e4, vaan my\u00f6s perinteisess\u00e4 mediassa. Itse\u00e4\u00e4n ja yleis\u00f6\u00e4\u00e4n kunnioittavien tiedotusv\u00e4lineiden media-aikaa ja palstatilaa menee pahimpien valheiden oikomiseen, jolloin n\u00e4iden idioottimaisuuksien saama julkisuusarvo moninkertaistuu, ja asioiden oikea laita j\u00e4\u00e4 v\u00e4hemm\u00e4lle huomiolle. Kuten vaikkapa h\u00f6rh\u00f6-salaliittoteoreetikkojen v\u00e4ite, jonka mukaan Obama ei olisikaan syntynyt USA:ssa, eik\u00e4 perustuslain mukaan voisi siis olla maan presidentti. V\u00e4itteille ei rajattoman sananvapauden nimiin vannovassa maassa tietenk\u00e4\u00e4n tarvitsee esitt\u00e4\u00e4 mit\u00e4\u00e4n perusteita.<\/p>\n<p>Maassa, jossa puolet v\u00e4est\u00f6st\u00e4 on lukutaidotonta, TV:n ja radion valta-asema on suorastaan vaarallinen. Ihmiset pit\u00e4v\u00e4t totena l\u00e4hes mit\u00e4 tahansa, mit\u00e4 tuuteista tulee. Uutiskanava FoxNews&#8217;in Obaman hallintoa kritisoiva ja republikaaneja tukeva linja ei kaihda aivopesussaan mit\u00e4\u00e4n keinoja. Selv\u00e4sti per\u00e4tt\u00f6mi\u00e4 juttuja esitet\u00e4\u00e4n tosina, faktoista vaietaan ja niit\u00e4 manipuloidaan.Mediat ja niiden omistajapiirit pyrkiv\u00e4t sumeilematta vaikuttamaan parlamentaariseen lains\u00e4\u00e4d\u00e4nt\u00f6\u00f6n.<\/p>\n<p>Meill\u00e4 Suomessahan lehdist\u00f6ll\u00e4 ei tietenk\u00e4\u00e4n ole mit\u00e4\u00e4n t\u00e4m\u00e4nsuuntaisiakaan elkeit\u00e4. Eih\u00e4n?<\/p>\n","protected":false},"excerpt":{"rendered":"<p>TV1 esitti to 28.1 melko puistattavan ohjelman USA:n ensimm\u00e4isen v\u00e4rillisen presidentin her\u00e4tt\u00e4mist\u00e4 reaktioista. Barack Obama on hallinnut maata nyt l\u00e4hes tasan vuoden.&#8221;No nigger should rule a white man&#8221; sanoi Klu Klux Klanin edustaja kameralle ennenkuin h\u00e4nen edustamansa ryhm\u00e4 suoritti rituaalinsa, &hellip; <a href=\"https:\/\/www.reijoliinamaa.fi\/?p=77\">Lue loppuun <span class=\"meta-nav\">&rarr;<\/span><\/a><\/p>\n","protected":false},"author":2,"featured_media":0,"comment_status":"open","ping_status":"open","sticky":false,"template":"","format":"standard","meta":{"footnotes":""},"categories":[1],"tags":[],"class_list":["post-77","post","type-post","status-publish","format-standard","hentry","category-yleinen"],"_links":{"self":[{"href":"https:\/\/www.reijoliinamaa.fi\/index.php?rest_route=\/wp\/v2\/posts\/77","targetHints":{"allow":["GET"]}}],"collection":[{"href":"https:\/\/www.reijoliinamaa.fi\/index.php?rest_route=\/wp\/v2\/posts"}],"about":[{"href":"https:\/\/www.reijoliinamaa.fi\/index.php?rest_route=\/wp\/v2\/types\/post"}],"author":[{"embeddable":true,"href":"https:\/\/www.reijoliinamaa.fi\/index.php?rest_route=\/wp\/v2\/users\/2"}],"replies":[{"embeddable":true,"href":"https:\/\/www.reijoliinamaa.fi\/index.php?rest_route=%2Fwp%2Fv2%2Fcomments&post=77"}],"version-history":[{"count":0,"href":"https:\/\/www.reijoliinamaa.fi\/index.php?rest_route=\/wp\/v2\/posts\/77\/revisions"}],"wp:attachment":[{"href":"https:\/\/www.reijoliinamaa.fi\/index.php?rest_route=%2Fwp%2Fv2%2Fmedia&parent=77"}],"wp:term":[{"taxonomy":"category","embeddable":true,"href":"https:\/\/www.reijoliinamaa.fi\/index.php?rest_route=%2Fwp%2Fv2%2Fcategories&post=77"},{"taxonomy":"post_tag","embeddable":true,"href":"https:\/\/www.reijoliinamaa.fi\/index.php?rest_route=%2Fwp%2Fv2%2Ftags&post=77"}],"curies":[{"name":"wp","href":"https:\/\/api.w.org\/{rel}","templated":true}]}}