{"id":631,"date":"2016-04-24T03:46:18","date_gmt":"2016-04-24T03:46:18","guid":{"rendered":"http:\/\/www.rexmusic.fi\/blog\/?p=631"},"modified":"2018-07-20T07:42:04","modified_gmt":"2018-07-20T07:42:04","slug":"ei-tehda-uhreista-syyllisia","status":"publish","type":"post","link":"https:\/\/www.reijoliinamaa.fi\/?p=631","title":{"rendered":"Ei tehd\u00e4 uhreista syyllisi\u00e4!"},"content":{"rendered":"<p><strong>M\u00e4nts\u00e4l\u00e4ss\u00e4<\/strong> on sek\u00e4 paikallislehdess\u00e4 ett\u00e4 verkkokeskusteluissa ollut useita hyvi\u00e4 pohdintoja liittyen valtuustossa 25.4 teht\u00e4v\u00e4\u00e4n p\u00e4\u00e4t\u00f6kseen turvapaikan saaneiden pakolaisten sijoittamisesta M\u00e4nts\u00e4l\u00e4\u00e4n.<\/p>\n<p>Keskusteluissa on usein esiintynyt kysymyksi\u00e4 syyllisyydest\u00e4 ja vastuusta.<br \/>\nKenen syy pakolaisuus on? Kenelle kuuluu vastuu?<br \/>\nMiss\u00e4 m\u00e4\u00e4rin vastuu kuuluu suomalaisille ja nyt m\u00e4nts\u00e4l\u00e4l\u00e4isille?Hyvi\u00e4 kysymyksi\u00e4, joista vain osaan on vastaus. Kansainv\u00e4list\u00e4 politiikkaa seuranneet tiet\u00e4v\u00e4t kyll\u00e4 syyt.<\/p>\n<p>USA k\u00e4vi sekoittamassa 2003 <strong>Irakin<\/strong>, jossa piti olla joukkotuhoaseita. Ei ollut, mutta maa saatiin sekaisin.<br \/>\nEuroopan Nato -maiden johtaman <strong>Libyan sodan<\/strong> (2011) ja sen johtajan <strong>Muammar Gadaffin<\/strong> eliminoinnin j\u00e4lkeen maa j\u00e4tettiin rosvojoukkojen ja klaanien armoille.<br \/>\nSamoihin aikoihin alkoi edelleen jatkuva sota <strong>Syyriassa, <\/strong>minne my\u00f6s Ven\u00e4j\u00e4n <strong>Putin<\/strong> k\u00e4vi pudottelemassa pommejaan.<br \/>\n<strong><br \/>\nN\u00e4m\u00e4 kolme kriisi\u00e4<\/strong> ovat syy nykyiseen pohjoisafrikkalaiseen pakolaisvirtaan.<br \/>\nKetk\u00e4 sitten ovat syyllisi\u00e4? Ketk\u00e4 ovat vastuussa?<br \/>\nMiten tahansa kysymyst\u00e4 k\u00e4\u00e4nnell\u00e4\u00e4n, niin yksi on varmaa: Pakoon l\u00e4htev\u00e4t ovat syyllisi\u00e4 yht\u00e4 v\u00e4h\u00e4n kuin tsunamien tai ydinvoimakatastrofien uhrit ovat!<br \/>\nSotilasliittojen ja hy\u00f6kk\u00e4yssotaa k\u00e4yvien valtioiden johtajat puolestaan eiv\u00e4t ikin\u00e4 my\u00f6nn\u00e4 vastuutaan saati syyllisyytt\u00e4\u00e4n.<\/p>\n<p><strong>Kaikkein v\u00e4hiten<\/strong> kysymys syyllisyydest\u00e4 tai vastuusta askarruttaa henkens\u00e4 kaupalla pakenevia \u00e4itej\u00e4 ja heid\u00e4n lapsiaan. On vain p\u00e4\u00e4st\u00e4v\u00e4 pois!<br \/>\nPois jonnekin, miss\u00e4 kodit eiv\u00e4t r\u00e4j\u00e4htele, pommit silvo, eiv\u00e4tk\u00e4 asemiehet vaani.<br \/>\nPakolaisia on maailmassa noin 15 miljoonaa. M\u00e4nts\u00e4l\u00e4 keskustelee t\u00e4ss\u00e4 vaiheessa 49 pakolaisen kotouttamisesta.<\/p>\n<p><strong>Pient\u00e4<\/strong> suhteellisuuden tajua tulisi nyt soveltaa.<\/p>\n","protected":false},"excerpt":{"rendered":"<p>M\u00e4nts\u00e4l\u00e4ss\u00e4 on sek\u00e4 paikallislehdess\u00e4 ett\u00e4 verkkokeskusteluissa ollut useita hyvi\u00e4 pohdintoja liittyen valtuustossa 25.4 teht\u00e4v\u00e4\u00e4n p\u00e4\u00e4t\u00f6kseen turvapaikan saaneiden pakolaisten sijoittamisesta M\u00e4nts\u00e4l\u00e4\u00e4n. Keskusteluissa on usein esiintynyt kysymyksi\u00e4 syyllisyydest\u00e4 ja vastuusta. Kenen syy pakolaisuus on? Kenelle kuuluu vastuu? Miss\u00e4 m\u00e4\u00e4rin vastuu kuuluu suomalaisille &hellip; <a href=\"https:\/\/www.reijoliinamaa.fi\/?p=631\">Lue loppuun <span class=\"meta-nav\">&rarr;<\/span><\/a><\/p>\n","protected":false},"author":1,"featured_media":0,"comment_status":"open","ping_status":"open","sticky":false,"template":"","format":"standard","meta":{"footnotes":""},"categories":[177,10],"tags":[],"class_list":["post-631","post","type-post","status-publish","format-standard","hentry","category-kotimaa","category-ulkomaat"],"_links":{"self":[{"href":"https:\/\/www.reijoliinamaa.fi\/index.php?rest_route=\/wp\/v2\/posts\/631","targetHints":{"allow":["GET"]}}],"collection":[{"href":"https:\/\/www.reijoliinamaa.fi\/index.php?rest_route=\/wp\/v2\/posts"}],"about":[{"href":"https:\/\/www.reijoliinamaa.fi\/index.php?rest_route=\/wp\/v2\/types\/post"}],"author":[{"embeddable":true,"href":"https:\/\/www.reijoliinamaa.fi\/index.php?rest_route=\/wp\/v2\/users\/1"}],"replies":[{"embeddable":true,"href":"https:\/\/www.reijoliinamaa.fi\/index.php?rest_route=%2Fwp%2Fv2%2Fcomments&post=631"}],"version-history":[{"count":3,"href":"https:\/\/www.reijoliinamaa.fi\/index.php?rest_route=\/wp\/v2\/posts\/631\/revisions"}],"predecessor-version":[{"id":635,"href":"https:\/\/www.reijoliinamaa.fi\/index.php?rest_route=\/wp\/v2\/posts\/631\/revisions\/635"}],"wp:attachment":[{"href":"https:\/\/www.reijoliinamaa.fi\/index.php?rest_route=%2Fwp%2Fv2%2Fmedia&parent=631"}],"wp:term":[{"taxonomy":"category","embeddable":true,"href":"https:\/\/www.reijoliinamaa.fi\/index.php?rest_route=%2Fwp%2Fv2%2Fcategories&post=631"},{"taxonomy":"post_tag","embeddable":true,"href":"https:\/\/www.reijoliinamaa.fi\/index.php?rest_route=%2Fwp%2Fv2%2Ftags&post=631"}],"curies":[{"name":"wp","href":"https:\/\/api.w.org\/{rel}","templated":true}]}}