{"id":63,"date":"2009-05-05T19:43:31","date_gmt":"2009-05-05T19:43:31","guid":{"rendered":"http:\/\/rexmusic.fi\/blogi\/?p=63"},"modified":"2021-02-21T08:00:05","modified_gmt":"2021-02-21T08:00:05","slug":"demokratiako-yliarvostettua","status":"publish","type":"post","link":"https:\/\/www.reijoliinamaa.fi\/?p=63","title":{"rendered":"Demokratiako yliarvostettua?"},"content":{"rendered":"<p><strong>Jos jokin asia<\/strong> suomalaisessa poliittisessa keskustelussa olisikin mahdollisesti muuttunut viimeisen vuosikymmenen aikana, niin Helsingin Sanomien ristiretki presidentin vallan siirt\u00e4miseksi p\u00e4\u00e4ministerille on ja pysyy kuin se er\u00e4s gastroanaalinen j\u00e4t\u00f6s Junttilan tuvan sein\u00e4ss\u00e4. Jopa <strong>Timo Soini<\/strong> (per) ilmoitti <em>muuttaneensa mielt\u00e4\u00e4n EU -k\u00e4sityksiss\u00e4\u00e4n.<\/em> Mutta Olli Kivinen ja Janne Virkkunen eiv\u00e4t mielipiteit\u00e4\u00e4n muuttele, vaan jatkavat vuorovedoin valitsemallaan &#8221;parlamentarismin edist\u00e4misen&#8221; tiell\u00e4. Tiistaina 5.5 oli vuorossa Olli otsikolla &#8221;Sauna l\u00e4mpi\u00e4\u00e4 yh\u00e4 sis\u00e4\u00e4n&#8221;.<\/p>\n<p>Ei merkitse mit\u00e4\u00e4n, ett\u00e4 esim. Presidentti Halonen kannattaa suomalaisten ylivoimaisen enemmist\u00f6n kanssa nykyvahvaa presidentti\u00e4, ja ett\u00e4 puhemies Niinist\u00f6 toistuvasti on varoittanut kajoamasta suoraan presidentinvaaliin ja siin\u00e4 annetun \u00e4\u00e4nen ulkopoliittiseen painoarvoon. Heit\u00e4h\u00e4n tulee, kuten ilmeisesti kaikkia suomalaisiakin, pit\u00e4\u00e4 asiassa j\u00e4\u00e4vein\u00e4. V\u00e4hemp\u00e4\u00e4 ei Jannea ja Ollia my\u00f6sk\u00e4\u00e4n voisi kiinnostaa se, ett\u00e4 presidentinvaalien \u00e4\u00e4nestysprosentti on kunnallis-, eduskunta- ja EU-vaaleihin verrattuna ihan omilla kymmenluvuilla. Kaikenkaikkiaan tuntuu, ett\u00e4 Hesari p\u00e4\u00e4kirjoittajineen jakaa enimm\u00e4kseen suljetuissa paremman v\u00e4en piireiss\u00e4 kuultavan lausahduksen: <strong>Demokratia on yliarvostettua!<br \/>\n<\/strong><\/p>\n<p><strong>Nyt suoralla kansanvaalilla valittavan<\/strong> presidentin ulkopoliittinen valta oltaisiin valmis antamaan p\u00e4\u00e4ministerille, jonka valintaan tavallinen suomalainen ei p\u00e4\u00e4se osallistumaan muutoin, kuin monikertaisen edustuksellisen siivil\u00e4n v\u00e4lityksell\u00e4. T\u00e4t\u00e4 puoluepoliittista labyrinttia jotkut kutsuvat nimell\u00e4 &#8221;parlamentarismi&#8221;. T\u00e4ss\u00e4 nimenomaisessa asiassa (p\u00e4\u00e4ministerin valinta) demokratia ja parlamentarismi eiv\u00e4t nykyisen vaalij\u00e4rjestelm\u00e4n puitteissa valitettavasti kohtaa.<\/p>\n","protected":false},"excerpt":{"rendered":"<p>Jos jokin asia suomalaisessa poliittisessa keskustelussa olisikin mahdollisesti muuttunut viimeisen vuosikymmenen aikana, niin Helsingin Sanomien ristiretki presidentin vallan siirt\u00e4miseksi p\u00e4\u00e4ministerille on ja pysyy kuin se er\u00e4s gastroanaalinen j\u00e4t\u00f6s Junttilan tuvan sein\u00e4ss\u00e4. Jopa Timo Soini (per) ilmoitti muuttaneensa mielt\u00e4\u00e4n EU -k\u00e4sityksiss\u00e4\u00e4n. &hellip; <a href=\"https:\/\/www.reijoliinamaa.fi\/?p=63\">Lue loppuun <span class=\"meta-nav\">&rarr;<\/span><\/a><\/p>\n","protected":false},"author":2,"featured_media":0,"comment_status":"open","ping_status":"open","sticky":false,"template":"","format":"standard","meta":{"footnotes":""},"categories":[225,1],"tags":[],"class_list":["post-63","post","type-post","status-publish","format-standard","hentry","category-politiikka","category-yleinen"],"_links":{"self":[{"href":"https:\/\/www.reijoliinamaa.fi\/index.php?rest_route=\/wp\/v2\/posts\/63","targetHints":{"allow":["GET"]}}],"collection":[{"href":"https:\/\/www.reijoliinamaa.fi\/index.php?rest_route=\/wp\/v2\/posts"}],"about":[{"href":"https:\/\/www.reijoliinamaa.fi\/index.php?rest_route=\/wp\/v2\/types\/post"}],"author":[{"embeddable":true,"href":"https:\/\/www.reijoliinamaa.fi\/index.php?rest_route=\/wp\/v2\/users\/2"}],"replies":[{"embeddable":true,"href":"https:\/\/www.reijoliinamaa.fi\/index.php?rest_route=%2Fwp%2Fv2%2Fcomments&post=63"}],"version-history":[{"count":1,"href":"https:\/\/www.reijoliinamaa.fi\/index.php?rest_route=\/wp\/v2\/posts\/63\/revisions"}],"predecessor-version":[{"id":2135,"href":"https:\/\/www.reijoliinamaa.fi\/index.php?rest_route=\/wp\/v2\/posts\/63\/revisions\/2135"}],"wp:attachment":[{"href":"https:\/\/www.reijoliinamaa.fi\/index.php?rest_route=%2Fwp%2Fv2%2Fmedia&parent=63"}],"wp:term":[{"taxonomy":"category","embeddable":true,"href":"https:\/\/www.reijoliinamaa.fi\/index.php?rest_route=%2Fwp%2Fv2%2Fcategories&post=63"},{"taxonomy":"post_tag","embeddable":true,"href":"https:\/\/www.reijoliinamaa.fi\/index.php?rest_route=%2Fwp%2Fv2%2Ftags&post=63"}],"curies":[{"name":"wp","href":"https:\/\/api.w.org\/{rel}","templated":true}]}}