{"id":622,"date":"2016-02-04T06:29:33","date_gmt":"2016-02-04T06:29:33","guid":{"rendered":"http:\/\/www.rexmusic.fi\/blog\/?p=622"},"modified":"2018-07-20T07:43:42","modified_gmt":"2018-07-20T07:43:42","slug":"ylea-ahdistellaan-taas-valtakunnassa-kaikki-hyvin","status":"publish","type":"post","link":"https:\/\/www.reijoliinamaa.fi\/?p=622","title":{"rendered":"Yle\u00e4 ahdistellaan taas &#8211; valtakunnassa kaikki hyvin!"},"content":{"rendered":"<p><strong>Hesari<\/strong> k\u00e4sittelee t\u00e4n\u00e4\u00e4n 4.2 \u00a0laajassa artikkelissa &#8221;sis\u00e4piiril\u00e4hteist\u00e4&#8221; vuotanutta tietoa, jonka mukaan hallitus haluaa karsia Yleisradion teht\u00e4vi\u00e4 ja leikata rahoitusta. Sis\u00e4piirin mukaan tarkoitus on laittaa &#8221;iso py\u00f6r\u00e4 py\u00f6rim\u00e4\u00e4n&#8221;.<\/p>\n<p><strong>&#8221;Iso py\u00f6r\u00e4&#8221;<\/strong> tarkoittaa tilannetta, miss\u00e4 p\u00e4\u00e4ministeri Juha Sipil\u00e4n kaiken &#8221;julkiseksi toiminnaksi&#8221; tulkittavissa olevan leikkausmania, oikeiston &#8221;reporadion&#8221; ajoilta saakka periytyv\u00e4 historiallinen ylekauna sek\u00e4 koko kaupallisen median krooninen Ylen aseman kadehtiminen yhdistyv\u00e4t isoksi py\u00f6r\u00e4ksi.<br \/>\nYle sai 2010 p\u00e4\u00e4johtajakseen Kokoomuksen Nuorten Liittoon 1970 -luvulla kuuluneen Lauri Kivisen. H\u00e4nen poliittinen taustansa ei kuitenkaan liene vaikuttanut teht\u00e4v\u00e4n hoitamiseen sen enemp\u00e4\u00e4 kuin edellisen demaritaustaisen Mikael Jugnerinkaan.<\/p>\n<p><strong>Ylen<\/strong> organisaatiossa on paljon vuosikymmenten mukanaan tuomaa j\u00e4hmeytt\u00e4, ikit\u00f6hn\u00e4\u00e4 jonka liikkeelle saaminen ei k\u00e4y hetkess\u00e4. Ei k\u00e4ynyt Jugnerilta, eik\u00e4 n\u00e4emm\u00e4 Kiviselt\u00e4k\u00e4\u00e4n.<br \/>\nUudempi verkkopuoli uutisineen ja Areenoineen sensijaan on Ylen notkein osio, ja juuri sit\u00e4 on syytetty kaupallisten kilpailijoiden alueella operoinnista.<br \/>\nSanoma Oy on osallistunut Hesarin palstoilla aktiivisesti pyrkimyksiin Ylen operointialueen rajoittamiseksi.<br \/>\n<strong>Kiinnostavaa<\/strong> on, ett\u00e4 p\u00e4\u00e4kirjoitussivun sijaan asia k\u00e4sitell\u00e4\u00e4n nyt kulttuurisivuilla.<\/p>\n","protected":false},"excerpt":{"rendered":"<p>Hesari k\u00e4sittelee t\u00e4n\u00e4\u00e4n 4.2 \u00a0laajassa artikkelissa &#8221;sis\u00e4piiril\u00e4hteist\u00e4&#8221; vuotanutta tietoa, jonka mukaan hallitus haluaa karsia Yleisradion teht\u00e4vi\u00e4 ja leikata rahoitusta. Sis\u00e4piirin mukaan tarkoitus on laittaa &#8221;iso py\u00f6r\u00e4 py\u00f6rim\u00e4\u00e4n&#8221;. &#8221;Iso py\u00f6r\u00e4&#8221; tarkoittaa tilannetta, miss\u00e4 p\u00e4\u00e4ministeri Juha Sipil\u00e4n kaiken &#8221;julkiseksi toiminnaksi&#8221; tulkittavissa olevan &hellip; <a href=\"https:\/\/www.reijoliinamaa.fi\/?p=622\">Lue loppuun <span class=\"meta-nav\">&rarr;<\/span><\/a><\/p>\n","protected":false},"author":1,"featured_media":0,"comment_status":"open","ping_status":"open","sticky":false,"template":"","format":"standard","meta":{"footnotes":""},"categories":[177,175],"tags":[],"class_list":["post-622","post","type-post","status-publish","format-standard","hentry","category-kotimaa","category-media"],"_links":{"self":[{"href":"https:\/\/www.reijoliinamaa.fi\/index.php?rest_route=\/wp\/v2\/posts\/622","targetHints":{"allow":["GET"]}}],"collection":[{"href":"https:\/\/www.reijoliinamaa.fi\/index.php?rest_route=\/wp\/v2\/posts"}],"about":[{"href":"https:\/\/www.reijoliinamaa.fi\/index.php?rest_route=\/wp\/v2\/types\/post"}],"author":[{"embeddable":true,"href":"https:\/\/www.reijoliinamaa.fi\/index.php?rest_route=\/wp\/v2\/users\/1"}],"replies":[{"embeddable":true,"href":"https:\/\/www.reijoliinamaa.fi\/index.php?rest_route=%2Fwp%2Fv2%2Fcomments&post=622"}],"version-history":[{"count":1,"href":"https:\/\/www.reijoliinamaa.fi\/index.php?rest_route=\/wp\/v2\/posts\/622\/revisions"}],"predecessor-version":[{"id":623,"href":"https:\/\/www.reijoliinamaa.fi\/index.php?rest_route=\/wp\/v2\/posts\/622\/revisions\/623"}],"wp:attachment":[{"href":"https:\/\/www.reijoliinamaa.fi\/index.php?rest_route=%2Fwp%2Fv2%2Fmedia&parent=622"}],"wp:term":[{"taxonomy":"category","embeddable":true,"href":"https:\/\/www.reijoliinamaa.fi\/index.php?rest_route=%2Fwp%2Fv2%2Fcategories&post=622"},{"taxonomy":"post_tag","embeddable":true,"href":"https:\/\/www.reijoliinamaa.fi\/index.php?rest_route=%2Fwp%2Fv2%2Ftags&post=622"}],"curies":[{"name":"wp","href":"https:\/\/api.w.org\/{rel}","templated":true}]}}