{"id":61,"date":"2009-04-27T07:45:23","date_gmt":"2009-04-27T07:45:23","guid":{"rendered":"http:\/\/rexmusic.fi\/blogi\/?p=61"},"modified":"2021-02-21T07:59:46","modified_gmt":"2021-02-21T07:59:46","slug":"taistelu-mediaeuroista-tiivistyy","status":"publish","type":"post","link":"https:\/\/www.reijoliinamaa.fi\/?p=61","title":{"rendered":"Taistelu mediaeuroista tiivistyy"},"content":{"rendered":"<p class=\"entry\"><strong>Helsingin Sanomat kirjoittaa<\/strong> p\u00e4\u00e4kirjoituksessaan 250409 Mika Lintil\u00e4n johtaman ty\u00f6ryhm\u00e4n Yle -raportista ja aikoo nyt ilmeisesti k\u00e4ytt\u00e4\u00e4 koko massiivisen tiedotuksellisen kapasiteettinsa ty\u00f6ryhm\u00e4n ajatusten lytt\u00e4\u00e4miseen. Sanoma Oy:n pelkk\u00e4 liikevoitto viime vuodelta on l\u00e4hes samankokoinen, kun Ylen koko budjetti.<\/p>\n<p>Mist\u00e4 siis moinen h\u00e4t\u00e4?<br \/>\nKyse lienee siit\u00e4, ett\u00e4 lehdist\u00f6ss\u00e4 tunnustetaan jo se tosiasia, ett\u00e4 tulevaisuuden mainoseurot jaetaan verkossa. Ja sielt\u00e4 Yle haluttaisiin pit\u00e4\u00e4 pois hinnalla mill\u00e4 hyv\u00e4ns\u00e4. T\u00e4m\u00e4 tapahtuisi parhaiten m\u00e4\u00e4rittelem\u00e4ll\u00e4 se paljonpuhuttu Ylen \u201cjulkisen palvelun teht\u00e4v\u00e4\u201d niin, ett\u00e4 verkko j\u00e4isi sen ulkopuolelle.<\/p>\n<p>HS: <em>\u201cRaportin kenties suurin puute on, ett\u00e4 Ylen teht\u00e4v\u00e4n, julkisen palvelun, m\u00e4\u00e4rittely j\u00e4\u00e4 edelleen ylimalkaiseksi\u2026 Ylen johtajisto tai Yle\u00e4 valvova, poliitikoista koottu hallintoneuvosto voivat edelleen m\u00e4\u00e4ritell\u00e4 julkiseksi palveluksi mink\u00e4laisen viestint\u00e4muodon he itse haluavat\u201d.<\/em><br \/>\n<strong><br \/>\nMiksi Suomen kansalaisten valitsema eduskunta<\/strong> muka ei voisi m\u00e4\u00e4ritell\u00e4 tai olla m\u00e4\u00e4rittelem\u00e4tt\u00e4 omistamansa Ylen teht\u00e4v\u00e4n haluamallaan tavalla? Tiedossani ei ole mit\u00e4\u00e4n ikiaikaista nautintaoikeutta, joka m\u00e4\u00e4rittelisi suomalaisen tiedonv\u00e4lityksen tai tietyn osan siit\u00e4 yksityiselle taholle. On vain joitakin vakiintuneita k\u00e4yt\u00e4nteit\u00e4. Ylen hallintoneuvoston toiminnasta voidaan todella olla montaa mielt\u00e4, mutta sama voidaan todeta monista muistakin demokratiaan kuuluvien instituutioiden toiminnasta. Ne nyt vain sattuvat olemaan parasta, mit\u00e4 demokratia tarjoaa.<\/p>\n<p>HS: <em>\u201cTy\u00f6ryhm\u00e4 ehdottaa my\u00f6s Ylen rahoitukseen merkitt\u00e4v\u00e4\u00e4 muutosta\u2026 Nimike mediamaksu on harhaanjohtava, koska maksulla rahoitetaan vain Ylen toimintaa. Osuvampi nimitys on Yle-vero.\u201d<\/em><br \/>\nT\u00e4ss\u00e4 Lintil\u00e4n ty\u00f6ryhm\u00e4n \u201cmediamaksu\u201d -termin uudelleenkastamisessa \u201cYle-veroksi\u201d n\u00e4kyy parhaiten ns. riippumattoman sanomalehdist\u00f6n polittinen vaikuttaminen. Siihen tullaan satsaamaan paljon. Kaikki veroon kalskahtavahan on suomalaisen korvissa aina ik\u00e4v\u00e4\u00e4 ja vastutettavaa. T\u00e4m\u00e4nkaltainen ihmisten tajunnan n\u00e4pel\u00f6inti on aina yht\u00e4 vastenmielist\u00e4, ja sen tulokset n\u00e4kyv\u00e4t jo nyt nettien keskustelupalstoilla.<\/p>\n<p>HS: <em>\u201cJos erilliseen Yle-veroon ty\u00f6ryhm\u00e4n esityksen mukaan p\u00e4\u00e4dyt\u00e4\u00e4n, se korostaa entisest\u00e4\u00e4n Yleisradion herkk\u00e4\u00e4 asemaa suomalaisessa viestint\u00e4kent\u00e4ss\u00e4. Verolla ei saa murentaa riippumattoman suomalaisen tiedonv\u00e4lityksen edellytyksi\u00e4.\u201d<\/em><br \/>\n\u201c\u2026riippumattoman suomalaisen\u2026?\u201d Mit\u00e4 tiedonv\u00e4lityst\u00e4 eduskunnan valvoma Yle sitten edustaa? Kansan valitsemista poliitikoista riippuvaistako? Ent\u00e4 sitten? Se lienee kuitenkin suomalaisempaa, kun melko suurelta osin ulkomaisen rahan omistama kaupallinen s\u00e4hk\u00f6inen media.<\/p>\n<p>HS: <em>\u201cOn suuri vaara, ett\u00e4 poliitikoista koottu hallintoneuvosto on Ylen johdon viet\u00e4viss\u00e4.\u201d<\/em><br \/>\nYksityisiss\u00e4 yrityksiss\u00e4 tietysti lienee t\u00e4ysin mahdotonta se, ett\u00e4 firman toimiva johto vaikuttaisi niihin p\u00e4\u00e4t\u00f6sesityksiin, joita yhti\u00f6iden hallituksille tai yhti\u00f6kokouksille annetaan. Hohhoijaa.<\/p>\n<p>HS: <em>\u201cTarvittaisiin riippumaton ja viestint\u00e4alan asiantuntemusta omaava elin arvioimaan Yleisradion roolia mediakent\u00e4ss\u00e4 \u2013 m\u00e4\u00e4rittelem\u00e4\u00e4n, mik\u00e4 on julkista ohjelmapalvelua, ja valvomaan, ett\u00e4 suutari pysyy lestiss\u00e4\u00e4n.\u201d<\/em><br \/>\nKun Hesari t\u00e4ss\u00e4 sanoo \u201criippumaton\u201d, niin se tarkoittanee \u201ceduskunnasta riippumaton\u201d<\/p>\n","protected":false},"excerpt":{"rendered":"<p>Helsingin Sanomat kirjoittaa p\u00e4\u00e4kirjoituksessaan 250409 Mika Lintil\u00e4n johtaman ty\u00f6ryhm\u00e4n Yle -raportista ja aikoo nyt ilmeisesti k\u00e4ytt\u00e4\u00e4 koko massiivisen tiedotuksellisen kapasiteettinsa ty\u00f6ryhm\u00e4n ajatusten lytt\u00e4\u00e4miseen. Sanoma Oy:n pelkk\u00e4 liikevoitto viime vuodelta on l\u00e4hes samankokoinen, kun Ylen koko budjetti. Mist\u00e4 siis moinen h\u00e4t\u00e4? &hellip; <a href=\"https:\/\/www.reijoliinamaa.fi\/?p=61\">Lue loppuun <span class=\"meta-nav\">&rarr;<\/span><\/a><\/p>\n","protected":false},"author":2,"featured_media":0,"comment_status":"open","ping_status":"open","sticky":false,"template":"","format":"standard","meta":{"footnotes":""},"categories":[175,1],"tags":[],"class_list":["post-61","post","type-post","status-publish","format-standard","hentry","category-media","category-yleinen"],"_links":{"self":[{"href":"https:\/\/www.reijoliinamaa.fi\/index.php?rest_route=\/wp\/v2\/posts\/61","targetHints":{"allow":["GET"]}}],"collection":[{"href":"https:\/\/www.reijoliinamaa.fi\/index.php?rest_route=\/wp\/v2\/posts"}],"about":[{"href":"https:\/\/www.reijoliinamaa.fi\/index.php?rest_route=\/wp\/v2\/types\/post"}],"author":[{"embeddable":true,"href":"https:\/\/www.reijoliinamaa.fi\/index.php?rest_route=\/wp\/v2\/users\/2"}],"replies":[{"embeddable":true,"href":"https:\/\/www.reijoliinamaa.fi\/index.php?rest_route=%2Fwp%2Fv2%2Fcomments&post=61"}],"version-history":[{"count":1,"href":"https:\/\/www.reijoliinamaa.fi\/index.php?rest_route=\/wp\/v2\/posts\/61\/revisions"}],"predecessor-version":[{"id":2134,"href":"https:\/\/www.reijoliinamaa.fi\/index.php?rest_route=\/wp\/v2\/posts\/61\/revisions\/2134"}],"wp:attachment":[{"href":"https:\/\/www.reijoliinamaa.fi\/index.php?rest_route=%2Fwp%2Fv2%2Fmedia&parent=61"}],"wp:term":[{"taxonomy":"category","embeddable":true,"href":"https:\/\/www.reijoliinamaa.fi\/index.php?rest_route=%2Fwp%2Fv2%2Fcategories&post=61"},{"taxonomy":"post_tag","embeddable":true,"href":"https:\/\/www.reijoliinamaa.fi\/index.php?rest_route=%2Fwp%2Fv2%2Ftags&post=61"}],"curies":[{"name":"wp","href":"https:\/\/api.w.org\/{rel}","templated":true}]}}