{"id":601,"date":"2015-10-27T11:39:50","date_gmt":"2015-10-27T11:39:50","guid":{"rendered":"http:\/\/www.rexmusic.fi\/blog\/?p=601"},"modified":"2018-07-20T07:45:23","modified_gmt":"2018-07-20T07:45:23","slug":"suvakit-penseat-ja-ynseat","status":"publish","type":"post","link":"https:\/\/www.reijoliinamaa.fi\/?p=601","title":{"rendered":"Suvakit ja nuivat"},"content":{"rendered":"<p><strong>Populismin<\/strong> nousun my\u00f6t\u00e4 Euroopassa (esim. Unkari, Puola) ja Suomessa kantav\u00e4est\u00f6st\u00e4 poikkeaviin kohdistuva viha on voimistunut. Viha-asteikko lievimm\u00e4st\u00e4 rankimpaan meill\u00e4 menee suunnilleen n\u00e4in:<\/p>\n<p>MaMu -kriittiset, kansallismieliset, rasistit.<\/p>\n<p>T\u00e4m\u00e4n joukon liepeill\u00e4 h\u00e4\u00e4r\u00e4\u00e4 my\u00f6s ep\u00e4m\u00e4\u00e4r\u00e4inen joukko natsi- tai fasistitunnuksissa liikkuvia, joiden viha kohdistuu mihin tahansa erilaiselta n\u00e4ytt\u00e4v\u00e4\u00e4n.<\/p>\n<p><strong>Vihaliikkeiden strategia<\/strong> on aina ollut yksinkertainen: Demonisoidaan kohde ja tehd\u00e4\u00e4n itsest\u00e4 uhri. N\u00e4in on tehty Natsi-Saksassa, Afrikan etnisiss\u00e4 puhdistuksissa, serbien bosniakkien joukkomurhassa Srebrenicassa, n\u00e4in tekiv\u00e4t jenkit Irakissa ja Putinin &#8221;vihre\u00e4t sotilaat&#8221; Ukrainassa. Demonisoinnissa ei kaihdeta mit\u00e4\u00e4n keinoja. Vihollisen voidaan v\u00e4itt\u00e4\u00e4 &#8221;silpovan ja sy\u00f6v\u00e4n lapsia, raiskaavan, kiduttavan&#8221; jne. Vihollisesta tehd\u00e4\u00e4n ep\u00e4ihminen ja sit\u00e4 kautta kiellet\u00e4\u00e4n vihollisen oikeus olla olemassa.<\/p>\n<p><strong>Itsens\u00e4 uhriuttamisessa<\/strong> &#8221;me&#8221; asetetaan noiden demonisten aikeiden kohteeksi. N\u00e4in varataan itselle oikeus &#8221;puolustautua&#8221; etuk\u00e4teen v\u00e4itetty\u00e4 uhkaa vastaan ja\u00a0 sallitaan my\u00f6s \u00e4\u00e4rimm\u00e4iset keinot. Vihollisen eliminointia pidet\u00e4\u00e4n palveluksena ihmiskunnalle.<\/p>\n<p><strong>Suuri osa<\/strong> suomalaisista seuraa meneill\u00e4\u00e4n olevaa mamukeskustelua melko kiihkottomasti. \u00c4\u00e4rilaidoilla sitten kipin\u00f6i senkin edest\u00e4. Selke\u00e4n rasistisia tunnusmerkkej\u00e4 sis\u00e4lt\u00e4v\u00e4 suomalainen mamukriittinen \u00e4\u00e4rilaita haluaa demonisoida jopa tuon passiivisen enemmist\u00f6n nimittelem\u00e4ll\u00e4 &#8221;suvakeiksi&#8221;. Ilmaisu on sanojen &#8221;suvaitsevainen&#8221; ja &#8221;vajaa\u00e4lyinen&#8221; yhdistelm\u00e4 ja siis eritt\u00e4in halventava. Ja nimittelyn syyksi siis riitt\u00e4\u00e4 se, ettei pid\u00e4 maahanmuuttoasiaa maailman t\u00e4rkeimp\u00e4n\u00e4.<\/p>\n<p><strong>Ja kaiken tuon<\/strong> eri mielt\u00e4 olevien tai passiivisten halventamisen ohella t\u00e4m\u00e4 &#8221;rajatkiinni&#8221; -porukka yritt\u00e4\u00e4 viel\u00e4 ep\u00e4toivoisesti tehd\u00e4 itsest\u00e4\u00e4n uhria: <span style=\"text-decoration: underline;\">Meilt\u00e4<\/span> vied\u00e4\u00e4n ty\u00f6paikat, asunnot ja naiset, <span style=\"text-decoration: underline;\">meilt\u00e4<\/span> \u00a0loppuu leip\u00e4jonoista kantav\u00e4est\u00f6lt\u00e4 ruoka, mamut tyhjent\u00e4v\u00e4t <span style=\"text-decoration: underline;\">meilt\u00e4 oikeilta suomalaisilta<\/span> sossurahat. Isis tulee ja tappaa!<\/p>\n<p><strong>J\u00e4it\u00e4 hattuun<\/strong> siell\u00e4 ja j\u00e4it\u00e4 hattuun t\u00e4\u00e4ll\u00e4. Jos keskustelu menee raivoamiseksi, miss\u00e4 vahva usko on tutkittuja todisteita pit\u00e4v\u00e4mpi argumentti, ollaan joron j\u00e4ljill\u00e4. Eri mielt\u00e4 olevia ja heid\u00e4n vaatimuksiaan uskottavista perusteluista tulee siet\u00e4\u00e4.<\/p>\n<p>Ellei siihen kyet\u00e4, ei olla p\u00e4tk\u00e4\u00e4k\u00e4\u00e4n kouluja r\u00e4j\u00e4yttelevi\u00e4, happohy\u00f6kk\u00e4yksi\u00e4 tekevi\u00e4 terroristeja eik\u00e4\u00a0 pikkupoikia armeijoihinsa ry\u00f6stelevi\u00e4 &#8221;jumalan sotilaita&#8221; parempia.<\/p>\n","protected":false},"excerpt":{"rendered":"<p>Populismin nousun my\u00f6t\u00e4 Euroopassa (esim. Unkari, Puola) ja Suomessa kantav\u00e4est\u00f6st\u00e4 poikkeaviin kohdistuva viha on voimistunut. Viha-asteikko lievimm\u00e4st\u00e4 rankimpaan meill\u00e4 menee suunnilleen n\u00e4in: MaMu -kriittiset, kansallismieliset, rasistit. T\u00e4m\u00e4n joukon liepeill\u00e4 h\u00e4\u00e4r\u00e4\u00e4 my\u00f6s ep\u00e4m\u00e4\u00e4r\u00e4inen joukko natsi- tai fasistitunnuksissa liikkuvia, joiden viha kohdistuu &hellip; <a href=\"https:\/\/www.reijoliinamaa.fi\/?p=601\">Lue loppuun <span class=\"meta-nav\">&rarr;<\/span><\/a><\/p>\n","protected":false},"author":1,"featured_media":0,"comment_status":"open","ping_status":"open","sticky":false,"template":"","format":"standard","meta":{"footnotes":""},"categories":[177,178],"tags":[141,137,139,138,140],"class_list":["post-601","post","type-post","status-publish","format-standard","hentry","category-kotimaa","category-tajunnanvirtaa","tag-demonisoijat","tag-mamut","tag-penseat","tag-suvakit","tag-uhriutujat"],"_links":{"self":[{"href":"https:\/\/www.reijoliinamaa.fi\/index.php?rest_route=\/wp\/v2\/posts\/601","targetHints":{"allow":["GET"]}}],"collection":[{"href":"https:\/\/www.reijoliinamaa.fi\/index.php?rest_route=\/wp\/v2\/posts"}],"about":[{"href":"https:\/\/www.reijoliinamaa.fi\/index.php?rest_route=\/wp\/v2\/types\/post"}],"author":[{"embeddable":true,"href":"https:\/\/www.reijoliinamaa.fi\/index.php?rest_route=\/wp\/v2\/users\/1"}],"replies":[{"embeddable":true,"href":"https:\/\/www.reijoliinamaa.fi\/index.php?rest_route=%2Fwp%2Fv2%2Fcomments&post=601"}],"version-history":[{"count":4,"href":"https:\/\/www.reijoliinamaa.fi\/index.php?rest_route=\/wp\/v2\/posts\/601\/revisions"}],"predecessor-version":[{"id":605,"href":"https:\/\/www.reijoliinamaa.fi\/index.php?rest_route=\/wp\/v2\/posts\/601\/revisions\/605"}],"wp:attachment":[{"href":"https:\/\/www.reijoliinamaa.fi\/index.php?rest_route=%2Fwp%2Fv2%2Fmedia&parent=601"}],"wp:term":[{"taxonomy":"category","embeddable":true,"href":"https:\/\/www.reijoliinamaa.fi\/index.php?rest_route=%2Fwp%2Fv2%2Fcategories&post=601"},{"taxonomy":"post_tag","embeddable":true,"href":"https:\/\/www.reijoliinamaa.fi\/index.php?rest_route=%2Fwp%2Fv2%2Ftags&post=601"}],"curies":[{"name":"wp","href":"https:\/\/api.w.org\/{rel}","templated":true}]}}