{"id":59,"date":"2009-03-08T09:12:20","date_gmt":"2009-03-08T09:12:20","guid":{"rendered":"http:\/\/rexmusic.fi\/blogi\/?p=59"},"modified":"2021-02-21T07:59:35","modified_gmt":"2021-02-21T07:59:35","slug":"onko-ylen-julkista-palvelua-yksityistettava","status":"publish","type":"post","link":"https:\/\/www.reijoliinamaa.fi\/?p=59","title":{"rendered":"Onko Ylen &#8221;julkista palvelua&#8221; yksityistett\u00e4v\u00e4?"},"content":{"rendered":"<p><strong>Sanomalehtien liiton hallituksen<\/strong> puheenjohtaja sek\u00e4 Helsingin Sanomia kustantavan Helsinki News&#8217;in toimitusjohtaja <strong>Mikael Pentik\u00e4inen<\/strong> haluaisi perustettavaksi Ylen julkisten palvelujen tuottamiseksi rahaston (HS 080309), joka jakaisi rahaa my\u00f6s yksityisille toimijoille.<\/p>\n<p><strong>Pentik\u00e4isen &#8221;huoli&#8221;<\/strong> Ylen nykyisen &#8221;mahdollistamisstrategian&#8221; vaikutuksista maan mediakentt\u00e4\u00e4n on tuttu h\u00e4nen aiemmista kannanotoistaan. Siin\u00e4 kuuluu printtimedian h\u00e4t\u00e4 pidemm\u00e4n aikav\u00e4lin ja meneill\u00e4\u00e4n olevan laman yhdess\u00e4 aikaansaamasta ilmoitustulojen romahtamisesta. On arveltu, ett\u00e4 kun nykyisest\u00e4 matalasuhdanteesta selvit\u00e4\u00e4n, printtimedian osuus mainoseuroista tulee j\u00e4\u00e4m\u00e4\u00e4n pysyv\u00e4sti lamaa edelt\u00e4neen tason alapuolelle.<\/p>\n<p><strong>T\u00e4t\u00e4 taustaa vasten<\/strong> on enemm\u00e4n kuin ymm\u00e4rrett\u00e4v\u00e4\u00e4, ett\u00e4 printtimedia tahtoisi mielell\u00e4\u00e4n leikata siivun ns. julkisen palvelun tuottamiseen uppoavasta rahasta. Ja Pentik\u00e4isen kaavaileman Julkisen palvelun medianeuvoston avullahan se onnistuisi. T\u00e4m\u00e4 neuvosto voisi Pentik\u00e4isen mallin mukaan\u00a0 jakaa resursseja my\u00f6s yksityisille mediataloille &#8221;julkinen palvelu&#8221; -m\u00e4\u00e4reen alle mahtuvan tiedottamisen tuottamiseen. Jotta t\u00e4m\u00e4 toimisi, olisi yksityisen tahon kyett\u00e4v\u00e4 &#8221;l\u00e4pin\u00e4kyv\u00e4sti&#8221; eriytt\u00e4m\u00e4\u00e4n julkisen palvelun toimintansa muusta toiminnastaan.<\/p>\n<p><strong>Yleisradion rooli &#8221;julkisen palvelun&#8221; mediatalona<\/strong> kaipaa ehk\u00e4 tarkempaa m\u00e4\u00e4rittely\u00e4 toimintaansa ohjaamaan. Samoin nykyinen luparahoitusmalli on aikansa el\u00e4nyt. Eik\u00e4 kukaan taitaisi j\u00e4\u00e4d\u00e4 kaipaamaan nykyisen mallin mukaan toimivaa hallintoneuvostokaan, johon eduskunta valitsee j\u00e4senet poliittisten voimasuhdeidensa mukaan. Ja joskus aiemminhan my\u00f6s toimittajat valittiin samalla kiinti\u00f6ajattelulla!<\/p>\n<p><strong>Toisaalta juuri liiallisen ohjauksen puute<\/strong> on aikaansaanut kaikkien kuultavissa ja n\u00e4ht\u00e4viss\u00e4 olevia erinomaisia tuloksia Ylen verkkoversion suomalaisten tiedonsaantia valtavasti edist\u00e4nein\u00e4 innovaatioina. Juuri verkosta printtipuoli olisi mieluusti halunnut pit\u00e4\u00e4 Ylen erossa.<\/p>\n<p><strong>Kun Sanomalehtien liiton puheenjohtaja<\/strong> ja Sanoma News&#8217;in toimitusjohtaja per\u00e4\u00e4 mahdollista julkista palvelua tarjoavien yksityisten tahojen toimintaan &#8221;l\u00e4pin\u00e4kyvyytt\u00e4&#8221; niin sit\u00e4 soisi l\u00f6ytyv\u00e4n my\u00f6s h\u00e4nen omista perusteluistaan:<br \/>\n<em>Koska sanomalehtimedia eri syist\u00e4 menett\u00e4\u00e4 asemaansa muille toimijoille, pit\u00e4isi t\u00e4m\u00e4 Pentik\u00e4isen mukaan kompensoida julkisista varoista.<\/em><\/p>\n<p>Pohjimmiltaanhan t\u00e4m\u00e4 ei ole muuta, kuin nykyisen talouslaman aikana eri puolilla maailmaa tutuksi tullut uusliberalistinen k\u00e4yt\u00e4nne: <strong>Voitot meille &#8211; tappiot jaetaan tasan!<\/strong><\/p>\n","protected":false},"excerpt":{"rendered":"<p>Sanomalehtien liiton hallituksen puheenjohtaja sek\u00e4 Helsingin Sanomia kustantavan Helsinki News&#8217;in toimitusjohtaja Mikael Pentik\u00e4inen haluaisi perustettavaksi Ylen julkisten palvelujen tuottamiseksi rahaston (HS 080309), joka jakaisi rahaa my\u00f6s yksityisille toimijoille. Pentik\u00e4isen &#8221;huoli&#8221; Ylen nykyisen &#8221;mahdollistamisstrategian&#8221; vaikutuksista maan mediakentt\u00e4\u00e4n on tuttu h\u00e4nen aiemmista &hellip; <a href=\"https:\/\/www.reijoliinamaa.fi\/?p=59\">Lue loppuun <span class=\"meta-nav\">&rarr;<\/span><\/a><\/p>\n","protected":false},"author":2,"featured_media":0,"comment_status":"open","ping_status":"open","sticky":false,"template":"","format":"standard","meta":{"footnotes":""},"categories":[175,1],"tags":[],"class_list":["post-59","post","type-post","status-publish","format-standard","hentry","category-media","category-yleinen"],"_links":{"self":[{"href":"https:\/\/www.reijoliinamaa.fi\/index.php?rest_route=\/wp\/v2\/posts\/59","targetHints":{"allow":["GET"]}}],"collection":[{"href":"https:\/\/www.reijoliinamaa.fi\/index.php?rest_route=\/wp\/v2\/posts"}],"about":[{"href":"https:\/\/www.reijoliinamaa.fi\/index.php?rest_route=\/wp\/v2\/types\/post"}],"author":[{"embeddable":true,"href":"https:\/\/www.reijoliinamaa.fi\/index.php?rest_route=\/wp\/v2\/users\/2"}],"replies":[{"embeddable":true,"href":"https:\/\/www.reijoliinamaa.fi\/index.php?rest_route=%2Fwp%2Fv2%2Fcomments&post=59"}],"version-history":[{"count":1,"href":"https:\/\/www.reijoliinamaa.fi\/index.php?rest_route=\/wp\/v2\/posts\/59\/revisions"}],"predecessor-version":[{"id":2133,"href":"https:\/\/www.reijoliinamaa.fi\/index.php?rest_route=\/wp\/v2\/posts\/59\/revisions\/2133"}],"wp:attachment":[{"href":"https:\/\/www.reijoliinamaa.fi\/index.php?rest_route=%2Fwp%2Fv2%2Fmedia&parent=59"}],"wp:term":[{"taxonomy":"category","embeddable":true,"href":"https:\/\/www.reijoliinamaa.fi\/index.php?rest_route=%2Fwp%2Fv2%2Fcategories&post=59"},{"taxonomy":"post_tag","embeddable":true,"href":"https:\/\/www.reijoliinamaa.fi\/index.php?rest_route=%2Fwp%2Fv2%2Ftags&post=59"}],"curies":[{"name":"wp","href":"https:\/\/api.w.org\/{rel}","templated":true}]}}