{"id":516,"date":"2014-09-24T04:44:39","date_gmt":"2014-09-24T04:44:39","guid":{"rendered":"http:\/\/www.rexmusic.fi\/blog\/?p=516"},"modified":"2018-07-20T07:54:18","modified_gmt":"2018-07-20T07:54:18","slug":"terrorismin-lyhyt-oppimaara-natsit-baader-meinhof-isis","status":"publish","type":"post","link":"https:\/\/www.reijoliinamaa.fi\/?p=516","title":{"rendered":"Terrorismin lyhyt oppim\u00e4\u00e4r\u00e4: Natsit &#8211; Baader-Meinhof &#8211; ISIS"},"content":{"rendered":"<p><strong>Noin 50 vuotta sitten<\/strong>, pari vuosikymment\u00e4 natsiterrorismista selviytymisen j\u00e4lkeen, l\u00e4nsimaisen demokratian haastajana n\u00e4htiin sotilaallisesti vahva <strong>Neuvostoliitto<\/strong>. Se edusti ns. It\u00e4blokkia,\u00a0 jonka aseellisena fraktiona Euroopassa toimi ns. <strong>Baader-Meinhof<\/strong> -ryhm\u00e4. USA oli jo tuolloin taloudellisesti erkaantunut perinteist\u00e4 demokratiaa edustavasta Euroopasta l\u00e4hes s\u00e4\u00e4ntelem\u00e4tt\u00f6m\u00e4n markkinaliberalismin suuntaan poliittisesti oikealle ja k\u00e4ytti yh\u00e4 suuremman osan kansantuotteestaan armeijansa varustamiseen. It\u00e4blokin rajat olivat vakiintuneet, l\u00e4nsiblokin rajoja vartioi USA ja silloinen Nato maailmanpoliisin elkein.<\/p>\n<p><strong>Siin\u00e4 miss\u00e4<\/strong> Saksassa toiminut Baader-Meinhof -ryhm\u00e4 kaappasi ja murhasi l\u00e4nsimaisia valtiojohtajia ja isoja yrityspamppuja, kehottaa nykyinen uskonnolliseen diktatuuriin t\u00e4ht\u00e4\u00e4v\u00e4 <strong>ISIS<\/strong> tappamaan, vahingoittamaan, polttamaan vastustajiaan ja heid\u00e4n omaisuuttaan &#8211; tai ellei muuta voi &#8211; edes sylkem\u00e4\u00e4n n\u00e4iden kasvoille. Uhreiksi kelpaavat\u00a0 mainiosti my\u00f6s lapset, naiset ja muut siviilit. Mit\u00e4 julkisempaa, sen parempi.<br \/>\nJa siin\u00e4 miss\u00e4 poliittinen <strong>&#8221;Bonny &amp; Clyde&#8221;<\/strong> -pariskunta <strong>Andreas Baader<\/strong> ja <strong>Ulrike Meinhof<\/strong> ilmeisen ylpein\u00e4 n\u00e4kiv\u00e4t omat nimens\u00e4 terrorismiuutisten otsikoissa, pysyttelev\u00e4t ISIS -liikkeen johtajat kaukana piilossa itse tapahtumista. Ja keskittyv\u00e4t uskonnollisen aivopesun ja rahan avulla rekrytoimaan suuntaansa etsivi\u00e4, eri syist\u00e4 el\u00e4m\u00e4ns\u00e4 johtot\u00e4hden hukanneita nuoria maailmanparantajia riveihins\u00e4 itsens\u00e4 uhraamaan.<\/p>\n<p><strong>L\u00e4nsi-Eurooppa<\/strong> on yht&#8217;\u00e4kki\u00e4 housut kintuissa tilanteessa, miss\u00e4 uudenlaiseen putinilaiseen autoritaariseen harvainvaltaan (&#8221;diktokratia&#8230;&#8221;) pyrkiv\u00e4 <strong>Ven\u00e4j\u00e4<\/strong> samoin toimivien it\u00e4eurooppalaisten ja aasialaisten valtioiden kera aikovat katsoa\u00a0 mihin saakka eurooppalaisen p\u00e4\u00e4tt\u00e4m\u00e4tt\u00f6myyden oloissa voidaan edet\u00e4. Krimi otettiin jo, nyt on vuorossa Ukrainan it\u00e4iset alueet. Sen j\u00e4lkeen?<br \/>\nYhden uhan asemesta l\u00e4nsimailla onkin kaksi: Islamilaiset fanaatikot ja maidensa oikeuslaitosta, mediaa ja liike-el\u00e4m\u00e4\u00e4 hallitsevat diktaattorit. L\u00e4nsi-Eurooppa ei tule selvi\u00e4m\u00e4\u00e4n tilanteesta ilman vahvaa sotilaallista yhteisty\u00f6t\u00e4, tapahtuu se sitten EU:n tai Naton puitteissa.<br \/>\n<strong><\/strong><\/p>\n<p><strong>P\u00e4\u00e4t\u00f6ksenteon<\/strong> poliittinen aikaikkuna on sulkeutumaan p\u00e4in.<\/p>\n","protected":false},"excerpt":{"rendered":"<p>Noin 50 vuotta sitten, pari vuosikymment\u00e4 natsiterrorismista selviytymisen j\u00e4lkeen, l\u00e4nsimaisen demokratian haastajana n\u00e4htiin sotilaallisesti vahva Neuvostoliitto. Se edusti ns. It\u00e4blokkia,\u00a0 jonka aseellisena fraktiona Euroopassa toimi ns. Baader-Meinhof -ryhm\u00e4. USA oli jo tuolloin taloudellisesti erkaantunut perinteist\u00e4 demokratiaa edustavasta Euroopasta l\u00e4hes s\u00e4\u00e4ntelem\u00e4tt\u00f6m\u00e4n &hellip; <a href=\"https:\/\/www.reijoliinamaa.fi\/?p=516\">Lue loppuun <span class=\"meta-nav\">&rarr;<\/span><\/a><\/p>\n","protected":false},"author":1,"featured_media":0,"comment_status":"open","ping_status":"open","sticky":false,"template":"","format":"standard","meta":{"footnotes":""},"categories":[178,10],"tags":[],"class_list":["post-516","post","type-post","status-publish","format-standard","hentry","category-tajunnanvirtaa","category-ulkomaat"],"_links":{"self":[{"href":"https:\/\/www.reijoliinamaa.fi\/index.php?rest_route=\/wp\/v2\/posts\/516","targetHints":{"allow":["GET"]}}],"collection":[{"href":"https:\/\/www.reijoliinamaa.fi\/index.php?rest_route=\/wp\/v2\/posts"}],"about":[{"href":"https:\/\/www.reijoliinamaa.fi\/index.php?rest_route=\/wp\/v2\/types\/post"}],"author":[{"embeddable":true,"href":"https:\/\/www.reijoliinamaa.fi\/index.php?rest_route=\/wp\/v2\/users\/1"}],"replies":[{"embeddable":true,"href":"https:\/\/www.reijoliinamaa.fi\/index.php?rest_route=%2Fwp%2Fv2%2Fcomments&post=516"}],"version-history":[{"count":4,"href":"https:\/\/www.reijoliinamaa.fi\/index.php?rest_route=\/wp\/v2\/posts\/516\/revisions"}],"predecessor-version":[{"id":520,"href":"https:\/\/www.reijoliinamaa.fi\/index.php?rest_route=\/wp\/v2\/posts\/516\/revisions\/520"}],"wp:attachment":[{"href":"https:\/\/www.reijoliinamaa.fi\/index.php?rest_route=%2Fwp%2Fv2%2Fmedia&parent=516"}],"wp:term":[{"taxonomy":"category","embeddable":true,"href":"https:\/\/www.reijoliinamaa.fi\/index.php?rest_route=%2Fwp%2Fv2%2Fcategories&post=516"},{"taxonomy":"post_tag","embeddable":true,"href":"https:\/\/www.reijoliinamaa.fi\/index.php?rest_route=%2Fwp%2Fv2%2Ftags&post=516"}],"curies":[{"name":"wp","href":"https:\/\/api.w.org\/{rel}","templated":true}]}}