{"id":51,"date":"2009-01-03T05:43:25","date_gmt":"2009-01-03T05:43:25","guid":{"rendered":"http:\/\/rexmusic.fi\/blogi\/?p=51"},"modified":"2021-02-21T07:59:05","modified_gmt":"2021-02-21T07:59:05","slug":"puuttuuko-suomesta-arvojohtajia","status":"publish","type":"post","link":"https:\/\/www.reijoliinamaa.fi\/?p=51","title":{"rendered":"Puuttuuko Suomesta arvojohtajia?"},"content":{"rendered":"<p>Hesari k\u00e4sittelee p\u00e4\u00e4kirjoituksessaan 2.1.2009 presidentin uudenvuoden puheen pohjalta johtajuuden ja arvojohtajuuden suhdett\u00e4 yleisesti ja istuvan presidentin kohdalla erityisesti.<br \/>\nLehti kirjoittaa mm:<br \/>\n<em>&#8221;Presidentin asemasta ja valtaoikeuksista k\u00e4yt\u00e4v\u00e4ss\u00e4 keskustelussa asetetaan usein vastakkain k\u00e4sitteet valtaa k\u00e4ytt\u00e4v\u00e4 johtaja ja arvojohtaja. Arvojohtajasta puhutaan herk\u00e4sti valitettavan v\u00e4h\u00e4ttelev\u00e4\u00e4n s\u00e4vyyn, sill\u00e4 demokratiassa tarvitaan arvojohtajuutta.&#8221;<\/em><\/p>\n<p>Tarkentaisin Hesarin v\u00e4itett\u00e4: Arvojohtajasta <strong>ilman valtaa<\/strong> saatetaan puhua v\u00e4h\u00e4ttelev\u00e4\u00e4n s\u00e4vyyn, tuskin muuten. Pit\u00e4isikin kysy\u00e4, ett\u00e4 mik\u00e4 johtaja se paljas &#8221;arvojohtaja&#8221; oikein olisi? Miss\u00e4 valtion, kunnan tai yksityisen sektorin instanssissa meill\u00e4 voisi olla johtaja, jolla ei olisi konkreettista valtaa, mutta jolta odotettaisiin &#8221;arvojohtamista&#8221;. Siis sellaista, joka kertoisi meille, mik\u00e4 olisi inhimillisesti, moraalisesti ja yhteiskunnallisesti oikein ja mik\u00e4 v\u00e4\u00e4rin. Muutoin en ko. johtajuuden sis\u00e4lt\u00f6\u00e4 oikein ymm\u00e4rr\u00e4.<\/p>\n<p>Jos t\u00e4llaisesta johtajuudesta on kysymys, niin eik\u00f6s meill\u00e4 ole heit\u00e4 jo kirkko v\u00e4\u00e4r\u00e4ll\u00e4\u00e4n! Se, ovatko piispat, kirkkoherrat ja papit t\u00e4t\u00e4 johtajuutta itselleen ottaneet, onkin sitten kokonaan toinen asia. Minusta he todellisen arvojohtamisen asemesta pikemminkin lymy\u00e4v\u00e4t sakramenttiensa takana.<\/p>\n<p>Olen p\u00e4\u00e4kirjoittajan kanssa samaa mielt\u00e4 siit\u00e4, ett\u00e4 presidentti Halonen olisi virkansa puitteissa voinut olla suulaampikin arvojohtaja ulkopoliittisen johtajuutensa alueella. Siis sen, miss\u00e4 h\u00e4nell\u00e4 viel\u00e4 on oikeata valtaakin. Meill\u00e4 Suomessa ei ole montaakaan kansainv\u00e4lisen tason poliitikkoa, joiden muistettaisiin sanoneen jostakin maailmanpoliittisesta tapahtumasta selke\u00e4sti, ett\u00e4 &#8221;t\u00e4m\u00e4 on v\u00e4\u00e4rin&#8221;. Ja jos joku niin sanoisi, niin siit\u00e4k\u00f6s media riemastuisi. Kuten\u00a0 riemastui siit\u00e4kin, ett\u00e4 t\u00e4m\u00e4 samainen presidentti Halonen uskalsi ensimm\u00e4isell\u00e4 kaudellaan \u00e4\u00e4neen sanoa USA:n hy\u00f6k\u00e4tty\u00e4 Irakiin, ett\u00e4 invaasio on YK:n asiaan liittyv\u00e4n p\u00e4\u00e4t\u00f6ksen puuttuessa laiton. Toisella kaudellaan Halonen ei jostakin syyst\u00e4 t\u00e4m\u00e4nkaltaisia avauksia tehnyt. Olisi kyll\u00e4 mielenkiintoista tiet\u00e4\u00e4, miksi ei ole.<\/p>\n<p>Suomen presidentin dilemma siis on:\u00a0 Ottaa kantaa tai on ottamatta kantaa, turpiin tulee jostakin suunnasta. Ei ole helppo pesti, ei.<\/p>\n","protected":false},"excerpt":{"rendered":"<p>Hesari k\u00e4sittelee p\u00e4\u00e4kirjoituksessaan 2.1.2009 presidentin uudenvuoden puheen pohjalta johtajuuden ja arvojohtajuuden suhdett\u00e4 yleisesti ja istuvan presidentin kohdalla erityisesti. Lehti kirjoittaa mm: &#8221;Presidentin asemasta ja valtaoikeuksista k\u00e4yt\u00e4v\u00e4ss\u00e4 keskustelussa asetetaan usein vastakkain k\u00e4sitteet valtaa k\u00e4ytt\u00e4v\u00e4 johtaja ja arvojohtaja. Arvojohtajasta puhutaan herk\u00e4sti valitettavan &hellip; <a href=\"https:\/\/www.reijoliinamaa.fi\/?p=51\">Lue loppuun <span class=\"meta-nav\">&rarr;<\/span><\/a><\/p>\n","protected":false},"author":2,"featured_media":0,"comment_status":"open","ping_status":"open","sticky":false,"template":"","format":"standard","meta":{"footnotes":""},"categories":[225,1],"tags":[],"class_list":["post-51","post","type-post","status-publish","format-standard","hentry","category-politiikka","category-yleinen"],"_links":{"self":[{"href":"https:\/\/www.reijoliinamaa.fi\/index.php?rest_route=\/wp\/v2\/posts\/51","targetHints":{"allow":["GET"]}}],"collection":[{"href":"https:\/\/www.reijoliinamaa.fi\/index.php?rest_route=\/wp\/v2\/posts"}],"about":[{"href":"https:\/\/www.reijoliinamaa.fi\/index.php?rest_route=\/wp\/v2\/types\/post"}],"author":[{"embeddable":true,"href":"https:\/\/www.reijoliinamaa.fi\/index.php?rest_route=\/wp\/v2\/users\/2"}],"replies":[{"embeddable":true,"href":"https:\/\/www.reijoliinamaa.fi\/index.php?rest_route=%2Fwp%2Fv2%2Fcomments&post=51"}],"version-history":[{"count":1,"href":"https:\/\/www.reijoliinamaa.fi\/index.php?rest_route=\/wp\/v2\/posts\/51\/revisions"}],"predecessor-version":[{"id":2132,"href":"https:\/\/www.reijoliinamaa.fi\/index.php?rest_route=\/wp\/v2\/posts\/51\/revisions\/2132"}],"wp:attachment":[{"href":"https:\/\/www.reijoliinamaa.fi\/index.php?rest_route=%2Fwp%2Fv2%2Fmedia&parent=51"}],"wp:term":[{"taxonomy":"category","embeddable":true,"href":"https:\/\/www.reijoliinamaa.fi\/index.php?rest_route=%2Fwp%2Fv2%2Fcategories&post=51"},{"taxonomy":"post_tag","embeddable":true,"href":"https:\/\/www.reijoliinamaa.fi\/index.php?rest_route=%2Fwp%2Fv2%2Ftags&post=51"}],"curies":[{"name":"wp","href":"https:\/\/api.w.org\/{rel}","templated":true}]}}