{"id":493,"date":"2014-05-03T14:16:35","date_gmt":"2014-05-03T14:16:35","guid":{"rendered":"http:\/\/www.rexmusic.fi\/blog\/?p=493"},"modified":"2018-07-20T07:56:35","modified_gmt":"2018-07-20T07:56:35","slug":"vappupuheet-ja-puppupuheet","status":"publish","type":"post","link":"https:\/\/www.reijoliinamaa.fi\/?p=493","title":{"rendered":"Vappupuheita ja puppupuheita"},"content":{"rendered":"<p><strong>Vappua<\/strong> on perinteisesti pidetty ty\u00f6v\u00e4en juhlana. Vappukulkueiden kuihduttua l\u00e4hes 50 vuoden massiivisten rivist\u00f6jen ajoista, on j\u00e4ljell\u00e4 l\u00e4hinn\u00e4 vappupuheet.<\/p>\n<p><strong>Niiden analysointiin<\/strong> keskittyv\u00e4t politiikan toimittajat ja lehtien p\u00e4\u00e4kirjoittajat. Haistellaan tuulia, pieni\u00e4 vireit\u00e4, mahdollisia avauksia. Jos niit\u00e4 ei ole, ollaan pettyneit\u00e4 kuin lapsi, jolta vietiin karkit. Hesarin p\u00e4\u00e4kirjoittajan (HS030514) mielest\u00e4 &#8221;Vapun puheista j\u00e4i vaisu vaikutelma&#8221;. Ensi p\u00e4\u00e4kirjoittaja on pettynyt siit\u00e4, etteiv\u00e4t Kokoomuksen puheenjohtajaehdokkaat esitt\u00e4neet mit\u00e4\u00e4n otsikkokelpoista, ja toiseksi siit\u00e4, ett\u00e4 my\u00f6s SDP:n kahden puheenjohtajaehdokkaan puheista &#8221;suuret linjat j\u00e4iv\u00e4t puuttumaan&#8221;. P\u00e4\u00e4kirjoittaja vet\u00e4iseekin johtop\u00e4\u00e4t\u00f6ksen, jonka mukaan esim. ty\u00f6n ja p\u00e4\u00e4oman ristiriitaa julistetaan en\u00e4\u00e4\u00a0 vain &#8221;menneiden aikojen ty\u00f6v\u00e4enlauluissa&#8221;.<br \/>\nTyls\u00e4\u00e4.<\/p>\n<p><strong>Nykyihmisen ik\u00e4v\u00e4nsietokyky<\/strong> on lyhentynyt muutamassa vuosikymmeness\u00e4 oleellisesti. Uutta virikett\u00e4, impulssia ja muuta h\u00e4rp\u00e4kett\u00e4 pit\u00e4\u00e4 diginatiivin saada tajuntaansa tasaisena virtana. Samaa juttua ei kauaa jakseta. Tarvitaan uutta.<\/p>\n<p><strong>Maapallon i\u00e4ksi<\/strong> arvioidaan noin 4,5 mrd vuotta, simpanssista ihmisen kehityslinja erkani viitisen miljoonaa vuotta sitten ja nykyihmisen (homo sapiens) arvioidaan saaneen alkunsa nykyisen Saharan etel\u00e4puolisella alueella parisensataa tuhatta vuotta sitten. Aikaa ihminen on laskenut vasta parituhatta vuotta.<\/p>\n<p><strong>Osakeyhti\u00f6n<\/strong> &#8211; ja siis varhaisen kapitalismin alkumuodot &#8211; ajoittuvat noin 300 vuoden p\u00e4\u00e4h\u00e4n. Teollistuminen alkoi parisataa vuotta sitten. Osakeyhti\u00f6iden omistajilla oli rahaa pystytt\u00e4\u00e4 tehtaita, mutta heit\u00e4 oli liian v\u00e4h\u00e4n niit\u00e4 k\u00e4yt\u00e4nn\u00f6ss\u00e4 py\u00f6ritt\u00e4m\u00e4\u00e4n. Ja olisivatko viitsineetk\u00e4\u00e4n, raskasta ja likaistakin kun oli. Tarvittiin ty\u00f6l\u00e4isi\u00e4. Koska orjakauppa oli maailmasta v\u00e4hitellen saatu loppumaan, jouduttiin palkkaamaan ty\u00f6voimaa. Teollistumisen alkuvaiheessa ty\u00f6l\u00e4isten asema ei paljonkaan eronnut orjien asemasta. (Eik\u00e4 muuten joissakin aasialaisissa tekstiilitehtaissa tai turkkilaisissa kaivoksissa eroa viel\u00e4k\u00e4\u00e4n).<br \/>\nT\u00e4st\u00e4 osakeyhti\u00f6n ja sen omistajien halusta rikastua tavaroita valmistuttamalla voidaan katsoa ty\u00f6n ja p\u00e4\u00e4oman ristiriidan alkaneen.<\/p>\n<p><strong>Talous- ja teollisuushistoriaa<\/strong> v\u00e4h\u00e4nkin tuntevalle tuossa ei ole mit\u00e4\u00e4n uutta. Hesarin p\u00e4\u00e4kirjoitustoimittajan mielest\u00e4 t\u00e4t\u00e4 ristiriitaa &#8221;julistetaan kuitenkin vain joissakin menneiden aikojen ty\u00f6v\u00e4enlauluissa&#8221;. T\u00e4m\u00e4 on totta. Esim. Hesarin sivuilla, p\u00e4\u00e4kirjoituksista nyt puhumattakaan, ei t\u00e4t\u00e4 ristiriitaa julisteta l\u00e4hesk\u00e4\u00e4n p\u00e4ivitt\u00e4in&#8230; .<\/p>\n<p><strong>On terveellist\u00e4<\/strong> joskus yritt\u00e4\u00e4 sijoittaa inhimillist\u00e4 toimintaa laajempaan aikaperspektiiviin. Tuo vajaat pari sataa vuotta kest\u00e4nyt teollinen aikakausi edustaa nykyihmisen valtakaudesta yht\u00e4 promillea, yht\u00e4 tuhannesosaa. Ei kannata edes laskea, mit\u00e4 se edustaisi koko maapallon i\u00e4st\u00e4.<br \/>\nT\u00e4m\u00e4n promillen aikana on kuitenkin ehditty tuottaa hirvitt\u00e4v\u00e4 m\u00e4\u00e4r\u00e4 enemm\u00e4n tai v\u00e4hemm\u00e4n tarpeellisia tavaroita, kasvattaa valtavat j\u00e4tevuoret, synnytt\u00e4\u00e4 Tyyneen valtamereen j\u00e4ttim\u00e4inen muovij\u00e4telautta, vaurioittaa peruuttamattomasti ilmakeh\u00e4\u00e4, saada alkuun napaj\u00e4\u00e4tik\u00f6iden sulaminen, k\u00e4yd\u00e4 kaksi maailmanlaajuista sotaa ja kymmeni\u00e4 pienempi\u00e4 sotia, kehitt\u00e4\u00e4 ja k\u00e4ytt\u00e4\u00e4 ydinaseita jne.<\/p>\n<p><strong>Ei tarvitse olla<\/strong> kummoinenkaan profeetta ymm\u00e4rt\u00e4\u00e4kseen, ettei t\u00e4m\u00e4 meno voi jatkua kovin pitk\u00e4\u00e4n. Ellei ihminen itse suuntaa muuta, hoitaa luonto asian meid\u00e4n puolestamme. Maailmanloppuahan siit\u00e4 ei toki tule. Yksi villiintynyt eli\u00f6laji er\u00e4\u00e4ll\u00e4 syrj\u00e4isell\u00e4 planeetalla vain tuhoaa itsens\u00e4.<br \/>\nTy\u00f6n ja p\u00e4\u00e4oman ristiriita ei siis ole ainoa huolemme, ei ehk\u00e4 edes vakavin.<\/p>\n","protected":false},"excerpt":{"rendered":"<p>Vappua on perinteisesti pidetty ty\u00f6v\u00e4en juhlana. Vappukulkueiden kuihduttua l\u00e4hes 50 vuoden massiivisten rivist\u00f6jen ajoista, on j\u00e4ljell\u00e4 l\u00e4hinn\u00e4 vappupuheet. Niiden analysointiin keskittyv\u00e4t politiikan toimittajat ja lehtien p\u00e4\u00e4kirjoittajat. Haistellaan tuulia, pieni\u00e4 vireit\u00e4, mahdollisia avauksia. Jos niit\u00e4 ei ole, ollaan pettyneit\u00e4 kuin lapsi, &hellip; <a href=\"https:\/\/www.reijoliinamaa.fi\/?p=493\">Lue loppuun <span class=\"meta-nav\">&rarr;<\/span><\/a><\/p>\n","protected":false},"author":1,"featured_media":0,"comment_status":"open","ping_status":"open","sticky":false,"template":"","format":"standard","meta":{"footnotes":""},"categories":[4],"tags":[104,105,106,107,108,103,102],"class_list":["post-493","post","type-post","status-publish","format-standard","hentry","category-arkisto","tag-homo-sapiens","tag-ilmastonmuutos","tag-orjakauppa","tag-osakeyhtio","tag-palkkatyo","tag-teollistuminen","tag-tyon-ja-paaoman-ristiriita"],"_links":{"self":[{"href":"https:\/\/www.reijoliinamaa.fi\/index.php?rest_route=\/wp\/v2\/posts\/493","targetHints":{"allow":["GET"]}}],"collection":[{"href":"https:\/\/www.reijoliinamaa.fi\/index.php?rest_route=\/wp\/v2\/posts"}],"about":[{"href":"https:\/\/www.reijoliinamaa.fi\/index.php?rest_route=\/wp\/v2\/types\/post"}],"author":[{"embeddable":true,"href":"https:\/\/www.reijoliinamaa.fi\/index.php?rest_route=\/wp\/v2\/users\/1"}],"replies":[{"embeddable":true,"href":"https:\/\/www.reijoliinamaa.fi\/index.php?rest_route=%2Fwp%2Fv2%2Fcomments&post=493"}],"version-history":[{"count":6,"href":"https:\/\/www.reijoliinamaa.fi\/index.php?rest_route=\/wp\/v2\/posts\/493\/revisions"}],"predecessor-version":[{"id":503,"href":"https:\/\/www.reijoliinamaa.fi\/index.php?rest_route=\/wp\/v2\/posts\/493\/revisions\/503"}],"wp:attachment":[{"href":"https:\/\/www.reijoliinamaa.fi\/index.php?rest_route=%2Fwp%2Fv2%2Fmedia&parent=493"}],"wp:term":[{"taxonomy":"category","embeddable":true,"href":"https:\/\/www.reijoliinamaa.fi\/index.php?rest_route=%2Fwp%2Fv2%2Fcategories&post=493"},{"taxonomy":"post_tag","embeddable":true,"href":"https:\/\/www.reijoliinamaa.fi\/index.php?rest_route=%2Fwp%2Fv2%2Ftags&post=493"}],"curies":[{"name":"wp","href":"https:\/\/api.w.org\/{rel}","templated":true}]}}