{"id":49,"date":"2008-12-20T05:19:23","date_gmt":"2008-12-20T02:19:23","guid":{"rendered":"http:\/\/rexmusic.fi\/blogi\/?p=49"},"modified":"2008-12-20T05:19:23","modified_gmt":"2008-12-20T02:19:23","slug":"valhe-emavalhe-tilasto","status":"publish","type":"post","link":"https:\/\/www.reijoliinamaa.fi\/?p=49","title":{"rendered":"Valhe &#8211; em\u00e4valhe &#8211; tilasto"},"content":{"rendered":"<p class=\"contentNewsArticleKeskustelu\"> Otsikon tapaan luonnehdittiin joskus tilastoja tietol\u00e4hteen\u00e4. Mit\u00e4 Martti Ahtisaaren Nobelin k\u00e4sittelyyn Iltiksess\u00e4 ja Hesarissa tulee, niin otsikkoa voisi mukailla vaikka tyyliin: Tekopyh\u00e4 &#8211; tekopyhempi &#8211; Sanoma Oy. Niin tarkoitushakuisesti asiaa on k\u00e4sitelty Oslon juhlien kutsuvieraslistan kommentoinnista saakka. Presidentti Halosen ja nobelistipresidentti Martti Ahtisaaren v\u00e4lille on manattu skismaa hintaan mihin hyv\u00e4ns\u00e4.<br \/>\nSiteeraamalla (Iltasanomat) Martti Ahtisaaren Oslossa presidentti Halosen kutsumatta j\u00e4tt\u00e4misest\u00e4 antamaa lausuntoa edesvastuuttoman tarkoitushakuisesti, saatiin syntym\u00e4\u00e4n suomalaisessa mediassa mielikuva tulehtuneista suhteista n\u00e4iden kahden v\u00e4lill\u00e4. Hesari jatkoi tahallisen valheellisesti synnytetty\u00e4 teemaa oikein p\u00e4\u00e4kirjoitustasolla 16.12 Otsikolla <strong>&#8221;Oslon Nobel-juhla sai turhan tahran&#8221;<\/strong>. Tahran aiheutti Sanomatalo itse.<\/p>\n<p>Nyt sitten n\u00e4ist\u00e4 presidentin j\u00e4rjest\u00e4mist\u00e4 Nobel -juhlista kirjoitettiin Hesarissa 18.12 otsikolla<strong> <span class=\"otsikko_ketju\">&#8221;Ahtisaaren Nobelia juhlittiin Linnassa rennoissa tunnelmissa&#8221;<\/span><\/strong> n\u00e4in [sulkeissa oman kommenttini]:<br \/>\n&#8221;Suomessa kiinnitettiin [Sanoma Oy:n omat lehdet, Iltis ja Hesari kiinnittiv\u00e4t] viime viikolla huomiota siihen, ettei presidentti Halonen ollut saanut kutsua Oslon Nobel-juhlaan. Halosen kutsuminen ei ollut tullut Ahtisaaren mieleenk\u00e4\u00e4n [alkuper\u00e4inen Ahtisaaren vastaus toimittajan kysymykseen kuului tiett\u00e4v\u00e4sti n\u00e4in: &#8217;Ei tullut mieleenik\u00e4\u00e4n, koska presidentti Halonen j\u00e4rjest\u00e4\u00e4 Suomessa palkinnon kunniaksi oman erillisen juhlavastaanoton&#8217;]. P\u00e4iv\u00e4llisell\u00e4 kohusta ei n\u00e4kynyt j\u00e4lke\u00e4k\u00e4\u00e4n. Tunnelma oli l\u00e4mmin; Ahtisaari ja presidentti Halonen k\u00e4tteliv\u00e4t juhlien 160 vierasta rennosti naureskellen Linnan ruokasalissa. K\u00e4ttelyn j\u00e4lkeen Ahtisaari ja Halonen siirtyiv\u00e4t k\u00e4sikynkk\u00e4\u00e4 p\u00e4iv\u00e4lliselle valtiosaliin&#8221;.<\/p>\n<p>Mediassa pari viikkoa el\u00e4nyt episodi paljastui siis viimeist\u00e4\u00e4n t\u00e4ss\u00e4 vaiheessa kokonaan keksityksi. Televisiokuvissa Hesarin p\u00e4\u00e4toimittaja Janne Virkkunen n\u00e4kyi istuvan Nobeljuhlien kutsuvieraiden joukossa muina miehin\u00e4.<\/p>\n<p>On melko j\u00e4rkytt\u00e4v\u00e4\u00e4 todeta, miten media halutessaan vie kansaa kuin p\u00e4ssi\u00e4 narussa. Sananvapauden kirjain kyll\u00e4 t\u00e4yttyy, mutta mielipiteenmuodostuksen rakennuspuiksi tarjotaan kieroa puutavaraa, joista syntyv\u00e4t mielipiteetk\u00e4\u00e4n eiv\u00e4t sitten kest\u00e4 kriittisemp\u00e4\u00e4 tarkastelua.<br \/>\nIltiksen ja Hesarin toimintaa kuvaamaan t\u00e4ss\u00e4 asiassa sopii suomalainen sananlasku: <strong>&#8221;Kolme kertaa kun valehtelee, niin uskoo itsekin&#8221;!<\/strong>\n<\/p>\n<p class=\"contentNewsArticleKeskustelu\">&nbsp;<\/p>\n<p class=\"contentNewsArticleKeskustelu\">&nbsp;<\/p>\n<p class=\"contentNewsArticleKeskustelu\">\t \t\t\t\t\t<a href=\"http:\/\/www.hs.fi\/keskustelu\/post%21reply.jspa?messageID=2766158\" class=\"sini\">Vastaa viestiin<\/a><\/p>\n","protected":false},"excerpt":{"rendered":"<p>Otsikon tapaan luonnehdittiin joskus tilastoja tietol\u00e4hteen\u00e4. Mit\u00e4 Martti Ahtisaaren Nobelin k\u00e4sittelyyn Iltiksess\u00e4 ja Hesarissa tulee, niin otsikkoa voisi mukailla vaikka tyyliin: Tekopyh\u00e4 &#8211; tekopyhempi &#8211; Sanoma Oy. Niin tarkoitushakuisesti asiaa on k\u00e4sitelty Oslon juhlien kutsuvieraslistan kommentoinnista saakka. Presidentti Halosen ja &hellip; <a href=\"https:\/\/www.reijoliinamaa.fi\/?p=49\">Lue loppuun <span class=\"meta-nav\">&rarr;<\/span><\/a><\/p>\n","protected":false},"author":2,"featured_media":0,"comment_status":"open","ping_status":"open","sticky":false,"template":"","format":"standard","meta":{"footnotes":""},"categories":[1],"tags":[],"class_list":["post-49","post","type-post","status-publish","format-standard","hentry","category-yleinen"],"_links":{"self":[{"href":"https:\/\/www.reijoliinamaa.fi\/index.php?rest_route=\/wp\/v2\/posts\/49","targetHints":{"allow":["GET"]}}],"collection":[{"href":"https:\/\/www.reijoliinamaa.fi\/index.php?rest_route=\/wp\/v2\/posts"}],"about":[{"href":"https:\/\/www.reijoliinamaa.fi\/index.php?rest_route=\/wp\/v2\/types\/post"}],"author":[{"embeddable":true,"href":"https:\/\/www.reijoliinamaa.fi\/index.php?rest_route=\/wp\/v2\/users\/2"}],"replies":[{"embeddable":true,"href":"https:\/\/www.reijoliinamaa.fi\/index.php?rest_route=%2Fwp%2Fv2%2Fcomments&post=49"}],"version-history":[{"count":0,"href":"https:\/\/www.reijoliinamaa.fi\/index.php?rest_route=\/wp\/v2\/posts\/49\/revisions"}],"wp:attachment":[{"href":"https:\/\/www.reijoliinamaa.fi\/index.php?rest_route=%2Fwp%2Fv2%2Fmedia&parent=49"}],"wp:term":[{"taxonomy":"category","embeddable":true,"href":"https:\/\/www.reijoliinamaa.fi\/index.php?rest_route=%2Fwp%2Fv2%2Fcategories&post=49"},{"taxonomy":"post_tag","embeddable":true,"href":"https:\/\/www.reijoliinamaa.fi\/index.php?rest_route=%2Fwp%2Fv2%2Ftags&post=49"}],"curies":[{"name":"wp","href":"https:\/\/api.w.org\/{rel}","templated":true}]}}