{"id":477,"date":"2014-02-03T16:34:39","date_gmt":"2014-02-03T16:34:39","guid":{"rendered":"http:\/\/www.rexmusic.fi\/blog\/?p=477"},"modified":"2018-07-20T07:57:28","modified_gmt":"2018-07-20T07:57:28","slug":"antti-rinne-avaa-sdpn-linjakeskustelun","status":"publish","type":"post","link":"https:\/\/www.reijoliinamaa.fi\/?p=477","title":{"rendered":"Antti Rinne avaa SDP:n linjakeskustelun"},"content":{"rendered":"<p><span style=\"color: #000000;\"><strong>Antti Rinteen\u00a0<\/strong>1<strong>.2. <\/strong>julkistama p\u00e4\u00e4t\u00f6s l\u00e4hte\u00e4 SDP:n pj -kisaan on sek\u00e4 odotettu ett\u00e4 tervetullut. Kisaan l\u00e4hdet\u00e4\u00e4n \u201dpuolueen linja\u201d edell\u00e4, mik\u00e4 on aivan oikein. <strong>Jutta Urpilaisen<\/strong> toiminta valtionvarainministerin\u00e4 on ollut esimerkillist\u00e4 maan taloushistorian yhdell\u00e4 sen heikoimmista jaksoista.<\/span><\/p>\n<p><span style=\"color: #000000;\"> <strong>Ongelma<\/strong> on ollut siin\u00e4, ett\u00e4 akateemisen koulutuksen saaneena 2008 valittu tuore puheenjohtaja saattoi arvioida puolueen saavan keskiluokan toimihenkil\u00f6iden keskuudesta uutta kannatusta enemm\u00e4n, kuin mit\u00e4 ay -liikkeen puolella mahdollisesti menetett\u00e4isiin. N\u00e4in ei tapahtunut. Niin my\u00f6t\u00e4mielist\u00e4 kun akateeminen v\u00e4ki arkipuheissaan onkin yhteiskunnan v\u00e4hempiosaisia kohtaan, muuttuu kanta \u00e4\u00e4nestyskopissa oman ja viiteryhm\u00e4n edun valvomiseksi. Jutta ei ollut ensimm\u00e4inen eik\u00e4 viimeinen puolueen historiassa, joka t\u00e4m\u00e4n arviointivirheen teki.<\/span><\/p>\n<p><span style=\"color: #000000;\"><strong>Kumpi tahansa<\/strong> puoluetta jatkossa luotsaakin, ovat maan talouden keskeiset ongelmat tarkkaan tiedossa.Mit\u00e4 tulee hyvinvointivaltion julkisten menojen hallittuun v\u00e4hent\u00e4miseen, niin Aalto -yliopiston rahoituksen professori <strong>Vesa Puttonen<\/strong> puhui erinomaisen asiallista ja ideologisesti neutraalia teksti\u00e4 <strong>Ylen Aamu -tv:ss\u00e4<\/strong>\u00a0 1.2. (katsottavissa Areenassa).<\/span><br \/>\n<span style=\"color: #000000;\"><br \/>\n<strong>Osansa saivat<\/strong> yritykset, jotka pit\u00e4v\u00e4t itsest\u00e4\u00e4nselvyyksin\u00e4 kaikenlaisia yhteiskunnallisia tukia \u2013 opiskelijat, joille ei riit\u00e4 ilmainen koulutus eik\u00e4 opintoraha, vaan pit\u00e4isi saada viel\u00e4 palkkaakin opiskelusta \u2013 lasten p\u00e4iv\u00e4hoidon suhteen ei saisi edes keskustella siit\u00e4, onko oikein, ett\u00e4 vanhempi vie lapsen p\u00e4iv\u00e4hoitoon ja menee sen j\u00e4lkeen itse kotiin, jne. Puttonen per\u00e4\u00e4nkuulutti suomalaiseen yhteiskuntaan sellaista ylpeytt\u00e4, jota niin yritt\u00e4j\u00e4 kuin yksityishenkil\u00f6kin voi tuntea p\u00e4rj\u00e4tess\u00e4\u00e4n omillaan ilman mink\u00e4\u00e4nlaista valtion tai kunnan tukea. Eik\u00e4 h\u00e4n sanonut t\u00e4t\u00e4 syyllist\u00e4\u00e4kseen ket\u00e4\u00e4n.<\/span><\/p>\n<p><span style=\"color: #000000;\"><strong>Kyseess\u00e4 on<\/strong> tietysti my\u00f6s sukupolvien v\u00e4linen kuilu. 1950 -luvulla syntynyt porukka muistaa viel\u00e4 lapsuudestaan 6 -p\u00e4iv\u00e4isen ty\u00f6viikon ilman yleist\u00e4 sairausvakuutusta, koulumatkat jalan tai suksilla maksulliseen yhteiskouluun, jossa oli maksullinen ruokailu jne, jne. On syyt\u00e4 muistaa, ettei ole mit\u00e4\u00e4n rajaa sill\u00e4, mit\u00e4 ihmiset maksutta voivat haluta, jos vaan joku kyselee!<\/span><br \/>\n<span style=\"color: #000000;\"> J\u00e4rki pit\u00e4isi osata ottaa k\u00e4teen niin, ett\u00e4 hyvinvointiyhteiskunnan perusta voidaan s\u00e4ilytt\u00e4\u00e4 ilman ihan kaikkea nykyist\u00e4 kuorrutusta.<\/span><\/p>\n<p><span style=\"color: #000000;\"><strong>Muutoin olen sit\u00e4 mielt\u00e4<\/strong>, ett\u00e4 Rinteen lohkaisu Ruotsin Suomea is\u00e4nmaallisemmin ajattelevista p\u00e4\u00e4omapiireist\u00e4 on aivan oikea. Ennen ulkoistamista naapurimaassa mietit\u00e4\u00e4n tarkasti sit\u00e4, voitaisiinko toimintaa kuitenkin jatkaa omassa maassa.<\/span><br \/>\n<span style=\"color: #000000;\"> Suomessa yleens\u00e4 vain tuijotetaan lasittunein silmin p\u00f6rssik\u00e4yri\u00e4 ja osavuosikatsauksia.<\/span><br \/>\n<span style=\"color: #000000;\"> Ja pannaan pystyyn yyteet.<\/span><\/p>\n","protected":false},"excerpt":{"rendered":"<p>Antti Rinteen\u00a01.2. julkistama p\u00e4\u00e4t\u00f6s l\u00e4hte\u00e4 SDP:n pj -kisaan on sek\u00e4 odotettu ett\u00e4 tervetullut. Kisaan l\u00e4hdet\u00e4\u00e4n \u201dpuolueen linja\u201d edell\u00e4, mik\u00e4 on aivan oikein. Jutta Urpilaisen toiminta valtionvarainministerin\u00e4 on ollut esimerkillist\u00e4 maan taloushistorian yhdell\u00e4 sen heikoimmista jaksoista. Ongelma on ollut siin\u00e4, ett\u00e4 &hellip; <a href=\"https:\/\/www.reijoliinamaa.fi\/?p=477\">Lue loppuun <span class=\"meta-nav\">&rarr;<\/span><\/a><\/p>\n","protected":false},"author":1,"featured_media":0,"comment_status":"open","ping_status":"open","sticky":false,"template":"","format":"standard","meta":{"footnotes":""},"categories":[4],"tags":[91,92,94,96,93,97,95],"class_list":["post-477","post","type-post","status-publish","format-standard","hentry","category-arkisto","tag-antti-rinne","tag-hyvinvointivaltio","tag-isanmaallisuus","tag-kansalaispalkka","tag-paaoma","tag-subjektiivinen-paivahoito-oikeus","tag-yritystuet"],"_links":{"self":[{"href":"https:\/\/www.reijoliinamaa.fi\/index.php?rest_route=\/wp\/v2\/posts\/477","targetHints":{"allow":["GET"]}}],"collection":[{"href":"https:\/\/www.reijoliinamaa.fi\/index.php?rest_route=\/wp\/v2\/posts"}],"about":[{"href":"https:\/\/www.reijoliinamaa.fi\/index.php?rest_route=\/wp\/v2\/types\/post"}],"author":[{"embeddable":true,"href":"https:\/\/www.reijoliinamaa.fi\/index.php?rest_route=\/wp\/v2\/users\/1"}],"replies":[{"embeddable":true,"href":"https:\/\/www.reijoliinamaa.fi\/index.php?rest_route=%2Fwp%2Fv2%2Fcomments&post=477"}],"version-history":[{"count":1,"href":"https:\/\/www.reijoliinamaa.fi\/index.php?rest_route=\/wp\/v2\/posts\/477\/revisions"}],"predecessor-version":[{"id":478,"href":"https:\/\/www.reijoliinamaa.fi\/index.php?rest_route=\/wp\/v2\/posts\/477\/revisions\/478"}],"wp:attachment":[{"href":"https:\/\/www.reijoliinamaa.fi\/index.php?rest_route=%2Fwp%2Fv2%2Fmedia&parent=477"}],"wp:term":[{"taxonomy":"category","embeddable":true,"href":"https:\/\/www.reijoliinamaa.fi\/index.php?rest_route=%2Fwp%2Fv2%2Fcategories&post=477"},{"taxonomy":"post_tag","embeddable":true,"href":"https:\/\/www.reijoliinamaa.fi\/index.php?rest_route=%2Fwp%2Fv2%2Ftags&post=477"}],"curies":[{"name":"wp","href":"https:\/\/api.w.org\/{rel}","templated":true}]}}