{"id":469,"date":"2014-01-16T13:43:07","date_gmt":"2014-01-16T13:43:07","guid":{"rendered":"http:\/\/www.rexmusic.fi\/blog\/?p=469"},"modified":"2014-01-17T18:30:31","modified_gmt":"2014-01-17T18:30:31","slug":"selkaranka-seminaari-wautsi","status":"publish","type":"post","link":"https:\/\/www.reijoliinamaa.fi\/?p=469","title":{"rendered":"&#8221;SELK\u00c4RANKA -SEMINAARI!&#8221; Wautsi!"},"content":{"rendered":"<p>Yli sadan p\u00e4\u00e4tt\u00e4j\u00e4n kokoonpanolla pohdittiin maamme teollisuuden tilaa ja tulevaisuutta 2010 -luvulla. Helsingin T\u00f6\u00f6l\u00f6n vanhaan raitiovaunukorjaamoon oli keskiviikkona 15.1 kokoontunut talouden ja politiikan ykk\u00f6ssarjaa aina presidentti <strong>Niinist\u00f6st\u00e4<\/strong> alkaen. Tilaisuus oli kekseli\u00e4\u00e4sti ristitty <strong>Selk\u00e4ranka -seminaariksi.<\/strong><\/p>\n<p>Veikko Vennamo kasvatti aikoinaan otsikon yhdyssanaa sanalla &#8221;seteli&#8221;. Seteliselk\u00e4rankaisilla h\u00e4n tarkoitti liike-el\u00e4m\u00e4n ja virkamiesten edustajia, joiden selk\u00e4 taipuu aina, kun rahaa on n\u00e4kyviss\u00e4.<br \/>\nKun liituraitaporukka puhuu selk\u00e4rangasta, se ei yleens\u00e4 tarkoita omaansa. Se tarkoittaa pikemminkin kansalaisia, joiden ruodon t\u00e4ytyy kest\u00e4\u00e4 sikamaisen kalliit asunnot, heikkenev\u00e4t julkiset palvelut, ep\u00e4varmat ty\u00f6paikat ja kaiken p\u00e4\u00e4lle lis\u00e4\u00e4 kituuttamista vaativa eliitti. <strong>Bj\u00f6rn Wahlroos<\/strong> aloitti t\u00e4m\u00e4n tutun rekilaulunsa viikko sitten Ylen ykk\u00f6saamussa viime lauantaina.<br \/>\nOmaa selk\u00e4rankaa varten n\u00e4ille raskassarjalaisille on varattu swiitti Kanarialta, duunariin n\u00e4hden kymmenkertainen liksa ja kalkkiviivoille alhainen el\u00e4keik\u00e4.<\/p>\n<p>Jotakin hyv\u00e4\u00e4kin sent\u00e4\u00e4n: Kun Aalto-yliopiston professori<strong> Liisa V\u00e4likangas<\/strong> seminaarissa sanoi, ettei &#8221;Piilaaksossakaan kannattavuutta haeta verotuksella ja halvalla ty\u00f6voimalla&#8221;, on se ymm\u00e4rrett\u00e4v\u00e4 piikkin\u00e4 n\u00e4ille wahlrooseille, joiden oma ideapankki on ehtynyt jo aikoja sitten ja j\u00e4ljelle on j\u00e4\u00e4nyt vain kitin\u00e4 verotuksesta ja ty\u00f6voiman kalleudesta.<\/p>\n<p>Kun <strong>Jutta Urpilainen<\/strong> uskalsi viisi vuotta sitten kuvata suomalaisen yhteiskunnan kehitt\u00e4mist\u00e4 matkaksi kohti unelmaa, ampui media yhteistuumin n\u00e4m\u00e4 puheet ilakoiden s\u00e4p\u00e4leiksi unelmah\u00f6tt\u00f6n\u00e4.<br \/>\nN\u00e4ht\u00e4v\u00e4ksi j\u00e4\u00e4, miten media nyt suhtautuu samaan asiaan, kun professori V\u00e4likangas sanoo, ett\u00e4 &#8221;ratkaisuja etsit\u00e4\u00e4n Suomessa helposti ongelmista k\u00e4sin sen sijaan, ett\u00e4 ment\u00e4isiin unelmia kohti&#8221;.<\/p>\n","protected":false},"excerpt":{"rendered":"<p>Yli sadan p\u00e4\u00e4tt\u00e4j\u00e4n kokoonpanolla pohdittiin maamme teollisuuden tilaa ja tulevaisuutta 2010 -luvulla. Helsingin T\u00f6\u00f6l\u00f6n vanhaan raitiovaunukorjaamoon oli keskiviikkona 15.1 kokoontunut talouden ja politiikan ykk\u00f6ssarjaa aina presidentti Niinist\u00f6st\u00e4 alkaen. Tilaisuus oli kekseli\u00e4\u00e4sti ristitty Selk\u00e4ranka -seminaariksi. Veikko Vennamo kasvatti aikoinaan otsikon yhdyssanaa &hellip; <a href=\"https:\/\/www.reijoliinamaa.fi\/?p=469\">Lue loppuun <span class=\"meta-nav\">&rarr;<\/span><\/a><\/p>\n","protected":false},"author":1,"featured_media":0,"comment_status":"open","ping_status":"open","sticky":false,"template":"","format":"standard","meta":{"footnotes":""},"categories":[9],"tags":[82,78,77,83,79,81,80],"class_list":["post-469","post","type-post","status-publish","format-standard","hentry","category-talous","tag-liisa-valikangas","tag-moraali","tag-selkaranka","tag-seteliselkaranka","tag-talous-2","tag-unelma","tag-vastuuvaje"],"_links":{"self":[{"href":"https:\/\/www.reijoliinamaa.fi\/index.php?rest_route=\/wp\/v2\/posts\/469","targetHints":{"allow":["GET"]}}],"collection":[{"href":"https:\/\/www.reijoliinamaa.fi\/index.php?rest_route=\/wp\/v2\/posts"}],"about":[{"href":"https:\/\/www.reijoliinamaa.fi\/index.php?rest_route=\/wp\/v2\/types\/post"}],"author":[{"embeddable":true,"href":"https:\/\/www.reijoliinamaa.fi\/index.php?rest_route=\/wp\/v2\/users\/1"}],"replies":[{"embeddable":true,"href":"https:\/\/www.reijoliinamaa.fi\/index.php?rest_route=%2Fwp%2Fv2%2Fcomments&post=469"}],"version-history":[{"count":1,"href":"https:\/\/www.reijoliinamaa.fi\/index.php?rest_route=\/wp\/v2\/posts\/469\/revisions"}],"predecessor-version":[{"id":470,"href":"https:\/\/www.reijoliinamaa.fi\/index.php?rest_route=\/wp\/v2\/posts\/469\/revisions\/470"}],"wp:attachment":[{"href":"https:\/\/www.reijoliinamaa.fi\/index.php?rest_route=%2Fwp%2Fv2%2Fmedia&parent=469"}],"wp:term":[{"taxonomy":"category","embeddable":true,"href":"https:\/\/www.reijoliinamaa.fi\/index.php?rest_route=%2Fwp%2Fv2%2Fcategories&post=469"},{"taxonomy":"post_tag","embeddable":true,"href":"https:\/\/www.reijoliinamaa.fi\/index.php?rest_route=%2Fwp%2Fv2%2Ftags&post=469"}],"curies":[{"name":"wp","href":"https:\/\/api.w.org\/{rel}","templated":true}]}}