{"id":46,"date":"2008-11-16T22:00:50","date_gmt":"2008-11-16T22:00:50","guid":{"rendered":"http:\/\/rexmusic.fi\/blogi\/?p=46"},"modified":"2018-07-20T08:17:35","modified_gmt":"2018-07-20T08:17:35","slug":"ihminen-on-sita-mita-se-lukee","status":"publish","type":"post","link":"https:\/\/www.reijoliinamaa.fi\/?p=46","title":{"rendered":"Ihminen on sit\u00e4, mit\u00e4 se lukee&#8230;"},"content":{"rendered":"<p>Ex-p\u00e4\u00e4ministeri ja ex-ex journalisti <strong>Paavo Lipponen<\/strong> arvostelee &#8221;nykyjournalismia&#8221; Journalistissa 6.11 (toimittajien ammattiliiton lehti) n\u00e4in:<\/p>\n<p>\u201dToimittajat eiv\u00e4t en\u00e4\u00e4 ole vallan vahtikoiria, jotka kaivavat uutisia vallanpit\u00e4jien, siis nimenomaan hallituksen k\u00e4yt\u00e4vilt\u00e4. P\u00e4\u00e4asia n\u00e4ytt\u00e4\u00e4 olevan toimittajan omien kommenttien ja kuvan saaminen lehteen. Tulos on l\u00f6ys\u00e4\u00e4 teksti\u00e4 ja ylimielist\u00e4 politiikan ja poliitikkojen pilkkaa\u201d.<\/p>\n<p>Lipponen katsoo viel\u00e4 Turun Sanomissa (7.11), ett\u00e4 Yle ja Helsingin Sanomat suhtautuivat Timo Soiniin ja h\u00e4nen puolueensa ehdokkaisiin kuntavaaleissa my\u00f6t\u00e4sukaisesti ja tulivat n\u00e4in vaikuttaneeksi vaalien tulokseen.<\/p>\n<p>Journalismin l\u00f6ystymiselle on monia syit\u00e4. Perinteinen toimituksellinen perusduuni ei n\u00e4yt\u00e4 en\u00e4\u00e4 riitt\u00e4v\u00e4n haasteeksi suurelle osalle toimittajia. Kun samaan aikaan tarjolla olevan &#8221;valmiin&#8221; tiedon m\u00e4\u00e4r\u00e4 mediaymp\u00e4rist\u00f6ss\u00e4 on massiivinen, syntyy laiskemmalle helposti kiusaus k\u00e4ytt\u00e4\u00e4 Vilenin tapaan copypeistausta. My\u00f6s mielipiteiss\u00e4\u00e4n.<\/p>\n<p>Valtamedian halu politikointiin on luku sin\u00e4ns\u00e4. Esim. Sanoma Oy:n missio on presidentin valtaoikeuksien v\u00e4hent\u00e4minen, ja t\u00e4t\u00e4 tavoitetta tukeva uutispainotus. Jokseenkin erikoista itse\u00e4\u00e4n riippumattomaksi kutsuvalta lehdelt\u00e4.<\/p>\n<p>Ja YLE toimii t\u00e4ss\u00e4 sopassa omilla s\u00e4\u00e4nn\u00f6ill\u00e4\u00e4n. \u00c4skett\u00e4in Yle j\u00e4i kiinni suomalaisten sanomalehtien omistaman STT:n uutispalvelun luvattomasta k\u00e4yt\u00f6st\u00e4. Samaan aikaa Ylen Aamuteeveen toimittajat istuksivat tyytyv\u00e4isen n\u00e4k\u00f6isina sohvillaan lukemassa \u00e4\u00e4neen aamun sanomalehti\u00e4. Vaikutelma on sama, kuin jos Jorma Ollila vastaisi kansainv\u00e4lisess\u00e4 tiedotustilaisuudessa k\u00e4nnykk\u00e4\u00e4ns\u00e4, ja kaikki huomaisivat merkin olevan Sony Ericcson&#8230; .<\/p>\n<p class=\"bottom\">&nbsp;<\/p>\n<table class=\"contentpaneopen\" cellpadding=\"0\" cellspacing=\"0\">\n<tr>\n<td class=\"buttonheading\" align=\"left\"><a href=\"http:\/\/www.demari.fi\/index2.php?option=com_content&amp;task=view&amp;id=2819&amp;pop=1&amp;page=0&amp;Itemid=320\" onclick=\"window.open('http:\/\/www.demari.fi\/index2.php?option=com_content&#038;task=view&#038;id=2819&#038;pop=1&#038;page=0&#038;Itemid=320','win2','status=no,toolbar=no,scrollbars=yes,titlebar=no,menubar=no,resizable=yes,width=640,height=480,directories=no,location=no'); return false;\" target=\"_blank\" title=\"Tulosta\" class=\"readon2\"> \t\t\t\t\t\tTulosta<\/a><\/td>\n<td class=\"buttonheading\" align=\"left\"><a href=\"http:\/\/www.demari.fi\/index2.php?option=com_content&amp;task=emailform&amp;id=2819&amp;itemid=320\" onclick=\"window.open('http:\/\/www.demari.fi\/index2.php?option=com_content&#038;task=emailform&#038;id=2819&#038;itemid=320','win2','status=no,toolbar=no,scrollbars=yes,titlebar=no,menubar=no,resizable=yes,width=400,height=250,directories=no,location=no'); return false;\" target=\"_blank\" title=\"L\u00e4het\u00e4 kaverille\" class=\"readon2\"> \t\t\t\t\t\u00a0L\u00e4het\u00e4 kaverille<\/a><\/td>\n<td><\/td>\n<\/tr>\n<\/table>\n","protected":false},"excerpt":{"rendered":"<p>Ex-p\u00e4\u00e4ministeri ja ex-ex journalisti Paavo Lipponen arvostelee &#8221;nykyjournalismia&#8221; Journalistissa 6.11 (toimittajien ammattiliiton lehti) n\u00e4in: \u201dToimittajat eiv\u00e4t en\u00e4\u00e4 ole vallan vahtikoiria, jotka kaivavat uutisia vallanpit\u00e4jien, siis nimenomaan hallituksen k\u00e4yt\u00e4vilt\u00e4. P\u00e4\u00e4asia n\u00e4ytt\u00e4\u00e4 olevan toimittajan omien kommenttien ja kuvan saaminen lehteen. Tulos on &hellip; <a href=\"https:\/\/www.reijoliinamaa.fi\/?p=46\">Lue loppuun <span class=\"meta-nav\">&rarr;<\/span><\/a><\/p>\n","protected":false},"author":2,"featured_media":0,"comment_status":"open","ping_status":"open","sticky":false,"template":"","format":"standard","meta":{"footnotes":""},"categories":[175,178],"tags":[],"class_list":["post-46","post","type-post","status-publish","format-standard","hentry","category-media","category-tajunnanvirtaa"],"_links":{"self":[{"href":"https:\/\/www.reijoliinamaa.fi\/index.php?rest_route=\/wp\/v2\/posts\/46","targetHints":{"allow":["GET"]}}],"collection":[{"href":"https:\/\/www.reijoliinamaa.fi\/index.php?rest_route=\/wp\/v2\/posts"}],"about":[{"href":"https:\/\/www.reijoliinamaa.fi\/index.php?rest_route=\/wp\/v2\/types\/post"}],"author":[{"embeddable":true,"href":"https:\/\/www.reijoliinamaa.fi\/index.php?rest_route=\/wp\/v2\/users\/2"}],"replies":[{"embeddable":true,"href":"https:\/\/www.reijoliinamaa.fi\/index.php?rest_route=%2Fwp%2Fv2%2Fcomments&post=46"}],"version-history":[{"count":1,"href":"https:\/\/www.reijoliinamaa.fi\/index.php?rest_route=\/wp\/v2\/posts\/46\/revisions"}],"predecessor-version":[{"id":836,"href":"https:\/\/www.reijoliinamaa.fi\/index.php?rest_route=\/wp\/v2\/posts\/46\/revisions\/836"}],"wp:attachment":[{"href":"https:\/\/www.reijoliinamaa.fi\/index.php?rest_route=%2Fwp%2Fv2%2Fmedia&parent=46"}],"wp:term":[{"taxonomy":"category","embeddable":true,"href":"https:\/\/www.reijoliinamaa.fi\/index.php?rest_route=%2Fwp%2Fv2%2Fcategories&post=46"},{"taxonomy":"post_tag","embeddable":true,"href":"https:\/\/www.reijoliinamaa.fi\/index.php?rest_route=%2Fwp%2Fv2%2Ftags&post=46"}],"curies":[{"name":"wp","href":"https:\/\/api.w.org\/{rel}","templated":true}]}}