{"id":459,"date":"2013-12-17T04:15:24","date_gmt":"2013-12-17T04:15:24","guid":{"rendered":"http:\/\/www.rexmusic.fi\/blog\/?p=459"},"modified":"2018-07-20T07:58:27","modified_gmt":"2018-07-20T07:58:27","slug":"mantsalan-mykka-mafia","status":"publish","type":"post","link":"https:\/\/www.reijoliinamaa.fi\/?p=459","title":{"rendered":"M\u00e4nts\u00e4l\u00e4n Mykk\u00e4 Mafia!"},"content":{"rendered":"<p><strong>Ok,<\/strong> otsikko on provosoiva. Se kuvaa kuitenkin hyvin tuntemuksiani ensimm\u00e4isen valtuustovuoden j\u00e4lkeen. Kunnan hallintorutiineja leimaa asioiden pieness\u00e4 piiriss\u00e4 puolisalassa tapahtuva valmistelu, heikko tiedottaminen, puhumattomuus ja hieman alentuva suhtautuminen tarkempaa tietoa haluaviin. Esimerkkej\u00e4 on useita. Merkitt\u00e4vin n\u00e4ist\u00e4 on puun takaa valtuustolle vuosi sitten tuotu, hutiloiden valmisteltu ns. Holding -hanke. Heikon valmistelun takia asia on edelleen keskener\u00e4inen meneill\u00e4\u00e4n olevan oikeusprosessin ja vireill\u00e4 olevan verotuksen ennakkop\u00e4\u00e4t\u00f6ksen takia. Hanketta alusta saakka arvostelleet valtuustoryhm\u00e4t (SDP, Vihre\u00e4t ja Vasemmistoliitto) yrittiv\u00e4t valtuuston viime kokouksessa 9.12 saada keskener\u00e4iseen hankkeeseen liittyv\u00e4t kymmenien miljoonien sis\u00e4iset kaupat pois edes vuoden 2014 talousarviosta sen luettavuutta h\u00e4mment\u00e4m\u00e4st\u00e4 (kuluvan vuoden arviossahan n\u00e4m\u00e4 summat ovat keikkuneet). Turhaan. Mit\u00e4\u00e4n j\u00e4rkevi\u00e4 perusteluja lukujen talousarviossa mukana pit\u00e4miselle ei tietenk\u00e4\u00e4n kukaan esitt\u00e4nyt. Kahden suurimman puolueen \u00e4\u00e4nin luvut j\u00e4iv\u00e4t talousarvioon, joten nyt kuntalaisille voidaankin joulun ilosanomana kertoa, ett\u00e4 <b><i>meille saattaa synty\u00e4 ensi vuonna yli 52 miljoonaa euroa!<\/i><\/b> \u00a0Voittoa!<br \/>\nNo, se ei kuitenkaan ole oikeaa rahaa, vaan kunnan oman konserniyhti\u00f6n pankista ottamaa velkaa, mik\u00e4 maksetaan yhdest\u00e4 taskusta toiseen.<br \/>\nAnnankin t\u00e4ss\u00e4 ilmaisen idean: Viel\u00e4h\u00e4n saatettaisiin ehti\u00e4 <strong>Pukkilan<\/strong> tapaan hankkia kunnalle my\u00f6s ikilottorivi ensi vuodelle ja budjetoida senkin mahdolliset voitot n\u00e4kyviin talousarvioon!<\/p>\n<p>&nbsp;<\/p>\n<p><b>Ns. Fennovoima -hankkeen<\/b> valmistelu oli oma lukunsa. T\u00e4t\u00e4 viel\u00e4 tavallistakin hyssyttelev\u00e4mp\u00e4\u00e4 valmistelua perusteltiin liikesalaisuudella. Hankkeeseen alunperin ilmoittautunut kunnan omistama s\u00e4hk\u00f6yhti\u00f6 kun kuuluu Oy -lain piiriin. Kok\/Kepu -enemmist\u00f6isen kunnanhallituksen M\u00e4nts\u00e4l\u00e4 S\u00e4hk\u00f6 Oy:n hallitukseen valitsemat &#8221;omat&#8221; valtuutetutkaan eiv\u00e4t uskaltaneet hankkeesta puhua halaistua sanaa, vaikka joutuivat kuntalaisten valitsemina luottamushenkil\u00f6in\u00e4 nuijimaan p\u00f6yt\u00e4\u00e4n yhti\u00f6n toimitusjohtajan valmistelemat miljoonaluokan p\u00e4\u00e4t\u00f6kset.<br \/>\nVasta Fennovoimaan liittyneess\u00e4 valtuustosalissa pidetyss\u00e4 tiedotustilaisuudessa\u00a0 14.10. kuntalaisten omistajaeduista vastaavat MSOY:n hallituksen j\u00e4senet uskalsivat avata suunsa &#8211; silloinkin vasta valtuuston puheenjohtajan liev\u00e4n painostuksen seurauksena. Mit\u00e4\u00e4n uutta sanottavaa t\u00e4m\u00e4n yhden ainoan julkisen lausunnon asiasta antaneilla hallituksen j\u00e4senill\u00e4 ei ollut. Enemmist\u00f6 heist\u00e4 toisteli yhti\u00f6n toimitusjohtajalta useissa yhteyksiss\u00e4 aiemmin kuultuja lauseita.<br \/>\nFennovoima -hanke jakaa mielipiteit\u00e4 my\u00f6s ymp\u00e4rist\u00f6poliittisista syist\u00e4. Siksi t\u00e4m\u00e4nkaltaiset hankkeet pit\u00e4isi valmistella poikkeuksellisen l\u00e4pin\u00e4kyv\u00e4sti. T\u00e4ss\u00e4 ep\u00e4onnistuttiin t\u00e4ydellisesti ja siit\u00e4 ovat yht\u00e4 mielt\u00e4 sek\u00e4 itse hankkeen vastustajat ett\u00e4 kannattajat.<\/p>\n<p><strong>\u00a0Vihre\u00e4 Liiton<\/strong> valtuustoryhm\u00e4n ensimm\u00e4isen kauden valtuutettu per\u00e4\u00e4nkuulutti 9.12 luottamushenkil\u00f6iden oikeutta saada haltuunsa my\u00f6s se lautakuntien valmisteluun liittyv\u00e4 materiaali, mik\u00e4 yleens\u00e4 jaetaan vain p\u00f6ydille tai k\u00e4sitell\u00e4\u00e4n muistioasioina. Nyky\u00e4\u00e4n tuosta mittavasta ruohonjuuritason tiedosta liikkuu valtuutetuille yleens\u00e4 vain kuulopuheita, vaikka juuri niill\u00e4 perustellaan teht\u00e4vi\u00e4 p\u00e4\u00e4t\u00f6ksi\u00e4. Nurinkurinen tilanne.<\/p>\n<p><strong>Mik\u00e4 t\u00e4h\u00e4n<\/strong> salak\u00e4hm\u00e4isyyteen on johtanut? Olisi helppo sanoa, ett\u00e4 syy on samojen puolueiden (Kok, Kepu) vuosikymmenest\u00e4 toiseen jatkunut vallanpito. Liittyisik\u00f6 siihen muutakin? N\u00e4hd\u00e4\u00e4nk\u00f6 demokratia yleisemminkin vain hidasteena asioiden sujuvan hoitamisen n\u00e4k\u00f6kulmasta? Miksi ne, jotka enemmist\u00f6valtaa valtuustossa k\u00e4ytt\u00e4v\u00e4t, vaikenevat? \u00c4\u00e4nestysk\u00e4ytt\u00e4ytymist\u00e4 perustelevat puheenvuorot ovat harvassa, useimmiten ne puuttuvat kokonaan. Turhan monille n\u00e4ytt\u00e4\u00e4 riitt\u00e4v\u00e4n &#8221;jaa&#8221; tai &#8221;ei&#8221; sanojen \u00e4\u00e4neen lausuminen oikeassa kohdassa annettujen ohjeiden mukaan. Ei pid\u00e4 ihmetell\u00e4, ett\u00e4 tavallisten kuntalaisten mieliss\u00e4 k\u00e4sitys poliitikoista omia ja l\u00e4hipiirins\u00e4 etuja ajavina pyrkyrein\u00e4 valtaa alaa, sill\u00e4 vuorovaikutteisesta keskustelusta ei nyky\u00e4\u00e4n juuri voi puhua. Sellaisen keskustelun aikaansaaminen edes jollakin foorumilla on t\u00e4m\u00e4n kirjoitukseni perimm\u00e4inen tarkoitus. Sit\u00e4 tarvitaan sek\u00e4 valtuutettujen ja valtuustoryhmien kesken ett\u00e4 luottamushenkil\u00f6iden ja kuntalaisten v\u00e4lill\u00e4.<\/p>\n<p><strong>M\u00e4nts\u00e4l\u00e4l\u00e4inen demokratia<\/strong> nykytilassaan ei ole ainoastaan l\u00e4pin\u00e4kym\u00e4t\u00f6n &#8211; se on my\u00f6s l\u00e4hes mykk\u00e4.<br \/>\nJa mik\u00e4li reaktio t\u00e4h\u00e4nkin avaukseeni on vain j\u00e4\u00e4t\u00e4v\u00e4 hiljaisuus, voin todeta kuten lukion matikanopettajani: m.o.t! (=mik\u00e4 oli todistettava)<\/p>\n","protected":false},"excerpt":{"rendered":"<p>Ok, otsikko on provosoiva. Se kuvaa kuitenkin hyvin tuntemuksiani ensimm\u00e4isen valtuustovuoden j\u00e4lkeen. Kunnan hallintorutiineja leimaa asioiden pieness\u00e4 piiriss\u00e4 puolisalassa tapahtuva valmistelu, heikko tiedottaminen, puhumattomuus ja hieman alentuva suhtautuminen tarkempaa tietoa haluaviin. Esimerkkej\u00e4 on useita. Merkitt\u00e4vin n\u00e4ist\u00e4 on puun takaa valtuustolle &hellip; <a href=\"https:\/\/www.reijoliinamaa.fi\/?p=459\">Lue loppuun <span class=\"meta-nav\">&rarr;<\/span><\/a><\/p>\n","protected":false},"author":1,"featured_media":0,"comment_status":"open","ping_status":"open","sticky":false,"template":"","format":"standard","meta":{"footnotes":""},"categories":[176],"tags":[],"class_list":["post-459","post","type-post","status-publish","format-standard","hentry","category-kotikunta"],"_links":{"self":[{"href":"https:\/\/www.reijoliinamaa.fi\/index.php?rest_route=\/wp\/v2\/posts\/459","targetHints":{"allow":["GET"]}}],"collection":[{"href":"https:\/\/www.reijoliinamaa.fi\/index.php?rest_route=\/wp\/v2\/posts"}],"about":[{"href":"https:\/\/www.reijoliinamaa.fi\/index.php?rest_route=\/wp\/v2\/types\/post"}],"author":[{"embeddable":true,"href":"https:\/\/www.reijoliinamaa.fi\/index.php?rest_route=\/wp\/v2\/users\/1"}],"replies":[{"embeddable":true,"href":"https:\/\/www.reijoliinamaa.fi\/index.php?rest_route=%2Fwp%2Fv2%2Fcomments&post=459"}],"version-history":[{"count":1,"href":"https:\/\/www.reijoliinamaa.fi\/index.php?rest_route=\/wp\/v2\/posts\/459\/revisions"}],"predecessor-version":[{"id":460,"href":"https:\/\/www.reijoliinamaa.fi\/index.php?rest_route=\/wp\/v2\/posts\/459\/revisions\/460"}],"wp:attachment":[{"href":"https:\/\/www.reijoliinamaa.fi\/index.php?rest_route=%2Fwp%2Fv2%2Fmedia&parent=459"}],"wp:term":[{"taxonomy":"category","embeddable":true,"href":"https:\/\/www.reijoliinamaa.fi\/index.php?rest_route=%2Fwp%2Fv2%2Fcategories&post=459"},{"taxonomy":"post_tag","embeddable":true,"href":"https:\/\/www.reijoliinamaa.fi\/index.php?rest_route=%2Fwp%2Fv2%2Ftags&post=459"}],"curies":[{"name":"wp","href":"https:\/\/api.w.org\/{rel}","templated":true}]}}