{"id":429,"date":"2013-03-12T17:12:03","date_gmt":"2013-03-12T17:12:03","guid":{"rendered":"http:\/\/www.rexmusic.fi\/blog\/?p=429"},"modified":"2018-07-20T08:00:56","modified_gmt":"2018-07-20T08:00:56","slug":"kulttuuritalo-tunteen-ja-alyn-kohtauspaikka","status":"publish","type":"post","link":"https:\/\/www.reijoliinamaa.fi\/?p=429","title":{"rendered":"Kulttuuritalo &#8211; tunteen ja \u00e4lyn kohtauspaikka"},"content":{"rendered":"<p>M\u00e4nts\u00e4l\u00e4n kunnanvaltuusto hyv\u00e4ksyi kokouksessaan 4.3 ns. Vanhan kenk\u00e4tehtaan eli Apposen alueen pitk\u00e4\u00e4n valmistellun kaavan. Kaavaa esitelleet kaavoitusjohtaja Lauri Pouru, asemakaavainsin\u00f6\u00f6ri Tapio Sillfors ja koko kaavoitusosasto voivat olla t\u00e4ydest\u00e4 syyst\u00e4 tyytyv\u00e4isi\u00e4 aikaansaannokseen, joka sis\u00e4lt\u00e4\u00e4 mm. asuinkerrostalon, palveluasuintalon senioreille sek\u00e4 vanhaan kenk\u00e4tehtaaseen teht\u00e4vi\u00e4 ns. loft -asuntoja.<\/p>\n<p>Suunnitelma kunnioittaa arvokkaalla tavalla Isom\u00e4en ja Kirkonm\u00e4en v\u00e4lisen jokimaiseman perinnearvoja. M\u00e4nts\u00e4l\u00e4njoen historiallisesti merkitt\u00e4v\u00e4n kahluupaikan kohdalle on ajateltu k\u00e4velysilta, joka mahdollistaa k\u00e4velylenkit joenranta-alueen kummallakin puolella ilman tarvetta ylitt\u00e4\u00e4 vilkkaasti liikenn\u00f6ity\u00e4 Vanhan Porvoontien siltaa.<\/p>\n<p>Tasapainoisen ja alueen historiaa kunnioittavan kaavasuunnitelman kruunaa ajatus sijoittaa joen rantaan kulttuuripalvelurakennus. M\u00e4nts\u00e4l\u00e4n monipuolisen ja tasokkaan esitt\u00e4v\u00e4n kulttuurin yst\u00e4v\u00e4t tulevat varmasti pit\u00e4m\u00e4\u00e4n t\u00e4t\u00e4 ajatusta hengiss\u00e4, vaikka se nyt ei ihan ensi vuoden asia olekaan.<br \/>\nEdellinen, edes osittain esiintyvien taiteilijoiden ja yleis\u00f6n kohtauspaikaksi ajateltu rakennus nimitt\u00e4in valmistui M\u00e4nts\u00e4l\u00e4\u00e4n vuonna 1926. M\u00e4nts\u00e4l\u00e4n seurojentalon valmistumisesta tulee elokuussa kuluneeksi 87 vuotta.<\/p>\n","protected":false},"excerpt":{"rendered":"<p>M\u00e4nts\u00e4l\u00e4n kunnanvaltuusto hyv\u00e4ksyi kokouksessaan 4.3 ns. Vanhan kenk\u00e4tehtaan eli Apposen alueen pitk\u00e4\u00e4n valmistellun kaavan. Kaavaa esitelleet kaavoitusjohtaja Lauri Pouru, asemakaavainsin\u00f6\u00f6ri Tapio Sillfors ja koko kaavoitusosasto voivat olla t\u00e4ydest\u00e4 syyst\u00e4 tyytyv\u00e4isi\u00e4 aikaansaannokseen, joka sis\u00e4lt\u00e4\u00e4 mm. asuinkerrostalon, palveluasuintalon senioreille sek\u00e4 vanhaan kenk\u00e4tehtaaseen &hellip; <a href=\"https:\/\/www.reijoliinamaa.fi\/?p=429\">Lue loppuun <span class=\"meta-nav\">&rarr;<\/span><\/a><\/p>\n","protected":false},"author":1,"featured_media":0,"comment_status":"open","ping_status":"open","sticky":false,"template":"","format":"standard","meta":{"footnotes":""},"categories":[176],"tags":[],"class_list":["post-429","post","type-post","status-publish","format-standard","hentry","category-kotikunta"],"_links":{"self":[{"href":"https:\/\/www.reijoliinamaa.fi\/index.php?rest_route=\/wp\/v2\/posts\/429","targetHints":{"allow":["GET"]}}],"collection":[{"href":"https:\/\/www.reijoliinamaa.fi\/index.php?rest_route=\/wp\/v2\/posts"}],"about":[{"href":"https:\/\/www.reijoliinamaa.fi\/index.php?rest_route=\/wp\/v2\/types\/post"}],"author":[{"embeddable":true,"href":"https:\/\/www.reijoliinamaa.fi\/index.php?rest_route=\/wp\/v2\/users\/1"}],"replies":[{"embeddable":true,"href":"https:\/\/www.reijoliinamaa.fi\/index.php?rest_route=%2Fwp%2Fv2%2Fcomments&post=429"}],"version-history":[{"count":2,"href":"https:\/\/www.reijoliinamaa.fi\/index.php?rest_route=\/wp\/v2\/posts\/429\/revisions"}],"predecessor-version":[{"id":802,"href":"https:\/\/www.reijoliinamaa.fi\/index.php?rest_route=\/wp\/v2\/posts\/429\/revisions\/802"}],"wp:attachment":[{"href":"https:\/\/www.reijoliinamaa.fi\/index.php?rest_route=%2Fwp%2Fv2%2Fmedia&parent=429"}],"wp:term":[{"taxonomy":"category","embeddable":true,"href":"https:\/\/www.reijoliinamaa.fi\/index.php?rest_route=%2Fwp%2Fv2%2Fcategories&post=429"},{"taxonomy":"post_tag","embeddable":true,"href":"https:\/\/www.reijoliinamaa.fi\/index.php?rest_route=%2Fwp%2Fv2%2Ftags&post=429"}],"curies":[{"name":"wp","href":"https:\/\/api.w.org\/{rel}","templated":true}]}}