{"id":426,"date":"2013-03-01T05:02:30","date_gmt":"2013-03-01T05:02:30","guid":{"rendered":"http:\/\/www.rexmusic.fi\/blog\/?p=426"},"modified":"2018-07-20T08:01:16","modified_gmt":"2018-07-20T08:01:16","slug":"eravoitto-mustijoelle","status":"publish","type":"post","link":"https:\/\/www.reijoliinamaa.fi\/?p=426","title":{"rendered":"Er\u00e4voitto Mustijoelle"},"content":{"rendered":"<p><strong>M\u00e4nts\u00e4l\u00e4n kunnan tekninen lautakunta<\/strong> p\u00e4\u00e4tti kokouksessaan 19.2 selvitt\u00e4\u00e4, voitaisiinko kunnan j\u00e4tevedet vastaisuudessa ohjata Helsingin Viikinm\u00e4en puhdistamolle ja sit\u00e4 kautta Suomenlahteen. Samalla p\u00e4\u00e4tettiin kartoittaa M\u00e4nts\u00e4l\u00e4 -joen, Mustijoen ja Saarenjoen vesien kuormitustilanne.<\/p>\n<p>Se, mist\u00e4 yli 200 nummislaisen allekirjoittamassa kuntalaisaloitteessa oltiin huolissaan, ei ollut ensisijaisesti M\u00e4nts\u00e4l\u00e4n Veden puhdistaman j\u00e4teveden laskeminen Mustijokeen, vaikka sit\u00e4k\u00e4\u00e4n ei haluta pidemm\u00e4ll\u00e4 t\u00e4ht\u00e4imell\u00e4 siet\u00e4\u00e4. Suurempi syy huolestumiseen ovat ne ep\u00e4s\u00e4\u00e4nn\u00f6lliset, mutta toistuvat ylijuoksutukset (=vain kiintoaineista puhdistetun viem\u00e4riveden laskeminen jokeen), johon laitoksen ajoittainen alikapasiteetti sen pakottaa. N\u00e4iden p\u00e4\u00e4st\u00f6jen seuranta ei kaiken lis\u00e4ksi tunnu olevan kovinkaan vakuuttavaa, ja tietojen saanti niist\u00e4 n\u00e4ytt\u00e4\u00e4 olevan ylivoimaisen vaikeaa.<\/p>\n<p>J\u00e4teveden k\u00e4sittelylle joudutaan hakemaan uutta ymp\u00e4rist\u00f6lupaa Keski-Uudenmaan ymp\u00e4rist\u00f6keskukselta, kun vanha lupa umpeutuu 30.4.2013. Mustijoen varrella asuvien on sek\u00e4 M\u00e4nts\u00e4l\u00e4ss\u00e4 ett\u00e4 Pornaisissa pidett\u00e4v\u00e4 huoli, ett\u00e4 uusi ymp\u00e4rist\u00f6lupa sis\u00e4lt\u00e4\u00e4 riitt\u00e4v\u00e4t takeet siit\u00e4, ett\u00e4 puhdistamattomien j\u00e4tevesien laskeminen jokeen on riitt\u00e4vien sanktioiden uhalla yksiselitteisesti ja ilman mit\u00e4\u00e4n poikkeuksia kielletty\u00e4.<\/p>\n","protected":false},"excerpt":{"rendered":"<p>M\u00e4nts\u00e4l\u00e4n kunnan tekninen lautakunta p\u00e4\u00e4tti kokouksessaan 19.2 selvitt\u00e4\u00e4, voitaisiinko kunnan j\u00e4tevedet vastaisuudessa ohjata Helsingin Viikinm\u00e4en puhdistamolle ja sit\u00e4 kautta Suomenlahteen. Samalla p\u00e4\u00e4tettiin kartoittaa M\u00e4nts\u00e4l\u00e4 -joen, Mustijoen ja Saarenjoen vesien kuormitustilanne. Se, mist\u00e4 yli 200 nummislaisen allekirjoittamassa kuntalaisaloitteessa oltiin huolissaan, ei &hellip; <a href=\"https:\/\/www.reijoliinamaa.fi\/?p=426\">Lue loppuun <span class=\"meta-nav\">&rarr;<\/span><\/a><\/p>\n","protected":false},"author":1,"featured_media":0,"comment_status":"open","ping_status":"open","sticky":false,"template":"","format":"standard","meta":{"footnotes":""},"categories":[4],"tags":[],"class_list":["post-426","post","type-post","status-publish","format-standard","hentry","category-arkisto"],"_links":{"self":[{"href":"https:\/\/www.reijoliinamaa.fi\/index.php?rest_route=\/wp\/v2\/posts\/426","targetHints":{"allow":["GET"]}}],"collection":[{"href":"https:\/\/www.reijoliinamaa.fi\/index.php?rest_route=\/wp\/v2\/posts"}],"about":[{"href":"https:\/\/www.reijoliinamaa.fi\/index.php?rest_route=\/wp\/v2\/types\/post"}],"author":[{"embeddable":true,"href":"https:\/\/www.reijoliinamaa.fi\/index.php?rest_route=\/wp\/v2\/users\/1"}],"replies":[{"embeddable":true,"href":"https:\/\/www.reijoliinamaa.fi\/index.php?rest_route=%2Fwp%2Fv2%2Fcomments&post=426"}],"version-history":[{"count":1,"href":"https:\/\/www.reijoliinamaa.fi\/index.php?rest_route=\/wp\/v2\/posts\/426\/revisions"}],"predecessor-version":[{"id":427,"href":"https:\/\/www.reijoliinamaa.fi\/index.php?rest_route=\/wp\/v2\/posts\/426\/revisions\/427"}],"wp:attachment":[{"href":"https:\/\/www.reijoliinamaa.fi\/index.php?rest_route=%2Fwp%2Fv2%2Fmedia&parent=426"}],"wp:term":[{"taxonomy":"category","embeddable":true,"href":"https:\/\/www.reijoliinamaa.fi\/index.php?rest_route=%2Fwp%2Fv2%2Fcategories&post=426"},{"taxonomy":"post_tag","embeddable":true,"href":"https:\/\/www.reijoliinamaa.fi\/index.php?rest_route=%2Fwp%2Fv2%2Ftags&post=426"}],"curies":[{"name":"wp","href":"https:\/\/api.w.org\/{rel}","templated":true}]}}