{"id":418,"date":"2013-02-24T06:30:49","date_gmt":"2013-02-24T06:30:49","guid":{"rendered":"http:\/\/www.rexmusic.fi\/blog\/?p=418"},"modified":"2018-07-20T08:01:33","modified_gmt":"2018-07-20T08:01:33","slug":"timo-soini-moraaliltaan-notkea-pyknikko-espoosta","status":"publish","type":"post","link":"https:\/\/www.reijoliinamaa.fi\/?p=418","title":{"rendered":"Timo Soini &#8211; moraaliltaan notkea pyknikko Espoosta"},"content":{"rendered":"<p>Persujohtaja<strong> Timo Soinin<\/strong> esiintyminen <strong>BBC:n Hardtalk<\/strong>&#8217;issa on kirvoittanut viljalti kommentteja lehdiss\u00e4 ja verkkopalstoilla. Satuin itse n\u00e4kem\u00e4\u00e4n haastattelun aamutuimaan puertolaissa hotellissa 20.2 Teneriffalla talvilomallani.<\/p>\n<p>Ja samaa soopaahan Soini suoltaa, oli sitten kyseess\u00e4 suomen- tai englanninkieli. T\u00e4m\u00e4 argumentoinnin taivuttelun ja kysymysten v\u00e4istelyn mestari oli kuitenkin helisem\u00e4ss\u00e4 haastattelija <strong>Stephen Sackur&#8217;<\/strong>in ammattitaidon edess\u00e4. Soini ei saanut armoa kysymyksess\u00e4, s\u00f6ik\u00f6 h\u00e4n sanansa j\u00e4tt\u00e4ess\u00e4\u00e4n nimenomaisen lupauksensa vastaisesti <strong>Jussi Halla-ahon<\/strong> erottamatta t\u00e4m\u00e4n saaman rasismi -tuomion johdosta. Ja mit\u00e4 teki Soini nurkkaan jouduttuaan? H\u00e4n vet\u00e4\u00e4 hihastaan viimeisen \u00e4ss\u00e4ns\u00e4 ja vastaa maireasti hymyillen kysymykseen, onko h\u00e4nen puolueessaan rasismia: <em><strong>&#8221;Ei. Olen katolinen kristitty, enk\u00e4 m\u00e4\u00e4ritelm\u00e4n mukaan voi olla rasisti.&#8221;<\/strong><\/em><\/p>\n<p>Soini siis k\u00e4\u00e4nt\u00e4\u00e4 puolueensa rasistisia s\u00e4vyj\u00e4 koskevan kysymyksen koskemaan itse\u00e4\u00e4n, ja vastaa sitten itse asettamaansa kysymykseen sanomalla olevansa kristitty. Keskustelutaktisen taitonsa lis\u00e4ksi Soini todistaa omaavansa my\u00f6s kiitett\u00e4v\u00e4n m\u00e4\u00e4r\u00e4n moraalista notkeutta.<\/p>\n<p>Puoluejohtaja Soinin puolueen kannatus lep\u00e4\u00e4 90 -prosenttisesti h\u00e4nen henkil\u00f6kohtaisen supliikkinsa varassa. T\u00e4m\u00e4 tosiasia riitt\u00e4nee pit\u00e4m\u00e4\u00e4n kilpailijat ruodussa, sill\u00e4 niin kauan kun h\u00e4nen sallitaan toimia yksinvaltiaana, riitt\u00e4\u00e4 muillekin kellokkaille n\u00e4kyvi\u00e4 paikkoja valtakunnanpolitiikassa.<\/p>\n<p>Totuus paljastuu vasta, mik\u00e4li puolue saadaan man\u00f6veerattua kulmaan, josta k\u00e4sin ei mitenk\u00e4\u00e4n pysty kasvojaan menett\u00e4m\u00e4tt\u00e4 v\u00e4ist\u00e4m\u00e4\u00e4n hallitusvastuuta. Sill\u00e4 sit\u00e4 t\u00e4m\u00e4 Espoon sanaseppo v\u00e4ltt\u00e4\u00e4 kuin ruttoa.<\/p>\n","protected":false},"excerpt":{"rendered":"<p>Persujohtaja Timo Soinin esiintyminen BBC:n Hardtalk&#8217;issa on kirvoittanut viljalti kommentteja lehdiss\u00e4 ja verkkopalstoilla. Satuin itse n\u00e4kem\u00e4\u00e4n haastattelun aamutuimaan puertolaissa hotellissa 20.2 Teneriffalla talvilomallani. Ja samaa soopaahan Soini suoltaa, oli sitten kyseess\u00e4 suomen- tai englanninkieli. T\u00e4m\u00e4 argumentoinnin taivuttelun ja kysymysten v\u00e4istelyn &hellip; <a href=\"https:\/\/www.reijoliinamaa.fi\/?p=418\">Lue loppuun <span class=\"meta-nav\">&rarr;<\/span><\/a><\/p>\n","protected":false},"author":1,"featured_media":0,"comment_status":"open","ping_status":"open","sticky":false,"template":"","format":"standard","meta":{"footnotes":""},"categories":[177],"tags":[63,61,64,62],"class_list":["post-418","post","type-post","status-publish","format-standard","hentry","category-kotimaa","tag-bbc","tag-hardtalk","tag-stephen-sackur","tag-timo-soini"],"_links":{"self":[{"href":"https:\/\/www.reijoliinamaa.fi\/index.php?rest_route=\/wp\/v2\/posts\/418","targetHints":{"allow":["GET"]}}],"collection":[{"href":"https:\/\/www.reijoliinamaa.fi\/index.php?rest_route=\/wp\/v2\/posts"}],"about":[{"href":"https:\/\/www.reijoliinamaa.fi\/index.php?rest_route=\/wp\/v2\/types\/post"}],"author":[{"embeddable":true,"href":"https:\/\/www.reijoliinamaa.fi\/index.php?rest_route=\/wp\/v2\/users\/1"}],"replies":[{"embeddable":true,"href":"https:\/\/www.reijoliinamaa.fi\/index.php?rest_route=%2Fwp%2Fv2%2Fcomments&post=418"}],"version-history":[{"count":11,"href":"https:\/\/www.reijoliinamaa.fi\/index.php?rest_route=\/wp\/v2\/posts\/418\/revisions"}],"predecessor-version":[{"id":803,"href":"https:\/\/www.reijoliinamaa.fi\/index.php?rest_route=\/wp\/v2\/posts\/418\/revisions\/803"}],"wp:attachment":[{"href":"https:\/\/www.reijoliinamaa.fi\/index.php?rest_route=%2Fwp%2Fv2%2Fmedia&parent=418"}],"wp:term":[{"taxonomy":"category","embeddable":true,"href":"https:\/\/www.reijoliinamaa.fi\/index.php?rest_route=%2Fwp%2Fv2%2Fcategories&post=418"},{"taxonomy":"post_tag","embeddable":true,"href":"https:\/\/www.reijoliinamaa.fi\/index.php?rest_route=%2Fwp%2Fv2%2Ftags&post=418"}],"curies":[{"name":"wp","href":"https:\/\/api.w.org\/{rel}","templated":true}]}}