{"id":32,"date":"2008-08-30T07:06:06","date_gmt":"2008-08-30T07:06:06","guid":{"rendered":"http:\/\/rexmusic.fi\/blogi\/?p=32"},"modified":"2021-02-21T07:57:35","modified_gmt":"2021-02-21T07:57:35","slug":"sanomatalo-evastaa-perustuslakivaliokuntaa","status":"publish","type":"post","link":"https:\/\/www.reijoliinamaa.fi\/?p=32","title":{"rendered":"Sanomatalo ev\u00e4st\u00e4\u00e4 perustuslakivaliokuntaa"},"content":{"rendered":"<p>Varmana poliittisen syksyn alkamisen merkkin\u00e4 voidaan pit\u00e4\u00e4 sit\u00e4, kun Iltasanomat ryhtyy pohjustamaan suomalaisten mielipiteit\u00e4 presidentin valtaoikeuksien v\u00e4hent\u00e4misen suuntaan. Lakialoitetta aiheesta valmisteltaneen eduskunnassa\u00a0pian. Pe 29.8 lehti kysyy aukeaman otsikolla &#8221;Kuka heist\u00e4 johtaa?&#8221; Alla on kuva <strong>Vanhasesta<\/strong>, <strong>Stubbista<\/strong> ja <strong>Halosesta<\/strong>. Lehti pyrkii v\u00e4kisin lietsomaan eripuraa p\u00e4\u00e4tt\u00e4jien v\u00e4lille. Vaikka ruotsalaisten neuvoille meill\u00e4 yleens\u00e4 ymm\u00e4rret\u00e4\u00e4n hymyill\u00e4 yst\u00e4v\u00e4lliseti, niin nyt\u00a0IS:lle kelpaa\u00a0lahdentakainen apu.\u00a0Maan ulkopoliittisen instituutin johtaja Tomas <strong>Ries<\/strong> saa lehdess\u00e4 tilaa ja &#8221;suomii Suomen ulkopoliittista johtamisj\u00e4rjestelm\u00e4\u00e4 kovin sanoin&#8221;.\u00a0Iltist\u00e4 ei tippaakaan hillitse edes se, ett\u00e4 p\u00e4\u00e4- ja ulkoministeri sek\u00e4 presidentti vuorotellen vakuuttavat maamme ulkopolitiikan hoituvan ongelmitta voimassa olevan perustuslain mukaisesti. Ellei ongelmia muuten l\u00f6ydy,\u00a0 aletaan kaivaa tikulla. Riesin h\u00f6pin\u00e4t ovat suorastaan huvittavaa luettavaa, siis\u00a0jopa ruotsalaisen lausumina. H\u00e4n pit\u00e4\u00e4 maamme presidentin osallistumista EU:n huippukokouksiin &#8221;erikoisena&#8221; ja &#8221;h\u00e4mm\u00e4stytt\u00e4v\u00e4n\u00e4&#8221;. Viel\u00e4 h\u00e4n ihmettelee, ett\u00e4 &#8221;kuka oikein on tuo tuntematon nainen, joka pit\u00e4\u00e4 kiinni oikeudestaan lautaseen&#8221;?\u00a0T\u00e4m\u00e4n ruotsalaisen analyytikon veitsenter\u00e4v\u00e4 havainto Suomen ulkopolitiikan\u00a0hoidosta on, ett\u00e4 se \u00a0n\u00e4ytt\u00e4\u00e4 &#8221;sekavalta touhulta&#8221;. Jep jep.Sit\u00e4 mukaa, kun perustuslakivaliokunta ryhtyy valmistelemaan lakiluonnosta presidentin valtaoikeuksien &#8221;uudelleenj\u00e4rjestelemiseksi&#8221;, tulee tuonkaltainen kirjoittelu kiihtym\u00e4\u00e4n sek\u00e4 Sanoma Oy:n ett\u00e4 Aamulehtikonsernin lehdiss\u00e4.\u00a0Hetkitt\u00e4in n\u00e4ytt\u00e4\u00e4, ett\u00e4 my\u00f6s Ylen uutistoimitus l\u00e4htee t\u00e4h\u00e4n sopuliporukkaan mukaan.\u00c4\u00e4nioikeudestaan kiinnipit\u00e4vien kansalaisten n\u00e4k\u00f6kulmasta asia on yksinkertainen: Jos suoralla vaalilla valittavan presidentin ulkopoliittiset valtaoikeudet siirtyv\u00e4t presidentilt\u00e4 p\u00e4\u00e4ministerille, niin Suomessa tapahtuu merkitt\u00e4v\u00e4 vallansiirto kansalaisilta puolueorganisaatioille. Jos n\u00e4in kuitenkin tehd\u00e4\u00e4n, tulisi kansalaisilla olla\u00a0oikeus \u00e4\u00e4nest\u00e4\u00e4\u00a0suoraan p\u00e4\u00e4ministerin henkil\u00f6\u00e4.<\/p>\n","protected":false},"excerpt":{"rendered":"<p>Varmana poliittisen syksyn alkamisen merkkin\u00e4 voidaan pit\u00e4\u00e4 sit\u00e4, kun Iltasanomat ryhtyy pohjustamaan suomalaisten mielipiteit\u00e4 presidentin valtaoikeuksien v\u00e4hent\u00e4misen suuntaan. Lakialoitetta aiheesta valmisteltaneen eduskunnassa\u00a0pian. Pe 29.8 lehti kysyy aukeaman otsikolla &#8221;Kuka heist\u00e4 johtaa?&#8221; Alla on kuva Vanhasesta, Stubbista ja Halosesta. Lehti pyrkii &hellip; <a href=\"https:\/\/www.reijoliinamaa.fi\/?p=32\">Lue loppuun <span class=\"meta-nav\">&rarr;<\/span><\/a><\/p>\n","protected":false},"author":2,"featured_media":0,"comment_status":"open","ping_status":"open","sticky":false,"template":"","format":"standard","meta":{"footnotes":""},"categories":[175,1],"tags":[47,74,76,24,75],"class_list":["post-32","post","type-post","status-publish","format-standard","hentry","category-media","category-yleinen","tag-journalistinen-arvovalintavaikuttaminen","tag-lobbaus","tag-presidentti","tag-tarja-halonen","tag-valtaoikeudet"],"_links":{"self":[{"href":"https:\/\/www.reijoliinamaa.fi\/index.php?rest_route=\/wp\/v2\/posts\/32","targetHints":{"allow":["GET"]}}],"collection":[{"href":"https:\/\/www.reijoliinamaa.fi\/index.php?rest_route=\/wp\/v2\/posts"}],"about":[{"href":"https:\/\/www.reijoliinamaa.fi\/index.php?rest_route=\/wp\/v2\/types\/post"}],"author":[{"embeddable":true,"href":"https:\/\/www.reijoliinamaa.fi\/index.php?rest_route=\/wp\/v2\/users\/2"}],"replies":[{"embeddable":true,"href":"https:\/\/www.reijoliinamaa.fi\/index.php?rest_route=%2Fwp%2Fv2%2Fcomments&post=32"}],"version-history":[{"count":1,"href":"https:\/\/www.reijoliinamaa.fi\/index.php?rest_route=\/wp\/v2\/posts\/32\/revisions"}],"predecessor-version":[{"id":473,"href":"https:\/\/www.reijoliinamaa.fi\/index.php?rest_route=\/wp\/v2\/posts\/32\/revisions\/473"}],"wp:attachment":[{"href":"https:\/\/www.reijoliinamaa.fi\/index.php?rest_route=%2Fwp%2Fv2%2Fmedia&parent=32"}],"wp:term":[{"taxonomy":"category","embeddable":true,"href":"https:\/\/www.reijoliinamaa.fi\/index.php?rest_route=%2Fwp%2Fv2%2Fcategories&post=32"},{"taxonomy":"post_tag","embeddable":true,"href":"https:\/\/www.reijoliinamaa.fi\/index.php?rest_route=%2Fwp%2Fv2%2Ftags&post=32"}],"curies":[{"name":"wp","href":"https:\/\/api.w.org\/{rel}","templated":true}]}}