{"id":26,"date":"2008-06-19T09:06:43","date_gmt":"2008-06-19T09:06:43","guid":{"rendered":"http:\/\/rexmusic.fi\/blogi\/?p=26"},"modified":"2021-02-21T07:57:11","modified_gmt":"2021-02-21T07:57:11","slug":"sanomalehtien-ryostoviljely-aamu-tvssa","status":"publish","type":"post","link":"https:\/\/www.reijoliinamaa.fi\/?p=26","title":{"rendered":"Sanomalehtien ry\u00f6st\u00f6viljely aamu-tv:ss\u00e4"},"content":{"rendered":"<p><font face=\"Arial\" class=\"Apple-style-span\"><\/font><font face=\"Arial\" class=\"Apple-style-span\"><strong><\/p>\n<p style=\"margin-top: 0px; margin-right: 0px; margin-bottom: 13px; margin-left: 0px; line-height: 16px; font: normal normal normal 13px\/normal Verdana\"><strong>Olen usein ihmetellyt sit\u00e4 estottomuutta<\/strong>, tai sanoisinko per\u00e4ti h\u00e4veli\u00e4isyyden puutetta, mit\u00e4 ykk\u00f6sen aamu-tv osoittaa lukiessaan sanomalehti\u00e4 suorissa studio-osuuksissaan.\u00a0Suomalainen printtimediahan on p\u00e4\u00e4osin laadukasta, monipuolista, kiihkotonta ja informatiivista luettavaa. Itselt\u00e4nikin kuluu lehtien lukuun v\u00e4hint\u00e4\u00e4n tunti p\u00e4iv\u00e4ss\u00e4, usein enemm\u00e4nkin. Mutta mieluiten ihan soolona, ilman tv \u2013toimittajien lukuapua.<\/p>\n<p style=\"margin-top: 0px; margin-right: 0px; margin-bottom: 13px; margin-left: 0px; line-height: 16px; font: normal normal normal 13px\/normal Verdana\">Kun kuvien julkaiseminen sanomalehdiss\u00e4 tuli teknisesti mahdolliseksi, niin tiedonv\u00e4lityksen nimeen vannova lehtiv\u00e4ki keksi aivan oikeutetusti ilmaisun \u201dyksi kuva kertoo enemm\u00e4n kuin tuhat sanaa\u201d. TV on media, joka kykenee julkaisemaan viel\u00e4p\u00e4 liikkuvaa kuvaa. Jos yksi lehtikuva kertoo enemm\u00e4n kuin 1000 sanaa, niin paljonko\u00a0kertookaan liikkuva televisiokuva?<\/p>\n<p style=\"margin-top: 0px; margin-right: 0px; margin-bottom: 13px; margin-left: 0px; line-height: 16px; font: normal normal normal 13px\/normal Verdana\">\u00c4\u00e4neenluvun kuuntelu aamuisin on tosin pienempi harmi siihen ajatukseen verrattuna, ett\u00e4 YLE omassa tuotannossaan mielest\u00e4ni\u00a0jatkuvasti laiminly\u00f6 kuvan mahdollisuuksia sis\u00e4ll\u00f6ntuottamisessaan.<\/p>\n<p style=\"margin-top: 0px; margin-right: 0px; margin-bottom: 13px; margin-left: 0px; line-height: 16px; font: normal normal normal 13px\/normal Verdana\">Ydinkysymykseni onkin t\u00e4m\u00e4: <strong>Miksi TV:n muihin medioihin n\u00e4hden ylivertainen tiedon v\u00e4litt\u00e4misen muoto, <em>liikkuva kuva<\/em>, n\u00e4ytt\u00e4\u00e4 sen omissa uutis- ja ajankohtaisl\u00e4hetyksiss\u00e4 olevan lapsipuolen asemassa.<\/strong> Miss\u00e4 luuraavat kaikki ne uutistoimituksen kuvallisen ilmaisun ammattilaiset, joita Ylen kaltaisen talon t\u00e4ytyy ainakin fiktiopuolella olla v\u00e4\u00e4r\u00e4ll\u00e4\u00e4n? Kun itse kysyy, lienee syyt\u00e4 yritt\u00e4\u00e4 my\u00f6s itse vastata.<\/p>\n<p style=\"margin-top: 0px; margin-right: 0px; margin-bottom: 13px; margin-left: 0px; line-height: 16px; font: normal normal normal 13px\/normal Verdana\"><strong>Mit\u00e4 sanomalehtien \u00e4\u00e4neenlukuun tulee, niin:<\/strong><\/p>\n<ul style=\"list-style-type: disc\">\n<li style=\"line-height: 16px; font: normal normal normal 13px\/normal Verdana; margin: 0px\">Onko\u00a0siin\u00e4\u00a0kyseess\u00e4 harkittu k\u00e4denojennus n\u00e4k\u00f6vammaisille?\u00a0Jos on, niin t\u00e4t\u00e4 ei mill\u00e4\u00e4n tavalla tuoda esille.<\/li>\n<li style=\"line-height: 16px; font: normal normal normal 13px\/normal Verdana; margin: 0px\">Tarkastellaanko aamu-tv:n lehdenlukulistalle p\u00e4\u00e4sy\u00e4 printtipuolella sek\u00e4\u00a0kustantajien ett\u00e4 toimittajien\u00a0keskuudessa\u00a0itsetuntoa hivelev\u00e4n\u00e4\u00a0ilmaisena mainoksena<\/li>\n<li style=\"line-height: 16px; font: normal normal normal 13px\/normal Verdana; margin: 0px\">Pit\u00e4\u00e4k\u00f6 Yle itse\u00e4\u00e4n er\u00e4\u00e4nlaisena \u201dmedioitten mediana\u201d, joka voi k\u00e4sitell\u00e4 muiden tuotoksia ohjelmavirrassaan vapaasti er\u00e4\u00e4nlaisella \u201densiy\u00f6noikeudella\u201d?\u00a0Vai onko viel\u00e4 jokin muus syy siihen, miksi fiksuilta, \u00e4lykk\u00e4ilt\u00e4 ja verbaalisti lahjakkailta vaikuttavat aamu-tv:n toimittajat suostuvat t\u00e4h\u00e4n jokaamuiseen printtimediassa toimivien kolleegoidensa\u00a0aikaansaannosten \u00e4\u00e4neenlukuun<\/li>\n<li style=\"line-height: 16px; font: normal normal normal 13px\/normal Verdana; margin: 0px\">\u00a0Johtuuko\u00a0se\u00a0siit\u00e4, ett\u00e4\u00a0v\u00e4ki on\u00a0rekrytoitu printtimediasta<\/li>\n<li style=\"line-height: 16px; font: normal normal normal 13px\/normal Verdana; margin: 0px\">Vaiko kuvallisen ilmaisun ammattilaisten alisteisuudesta\u00a0puhutulle?<\/li>\n<li style=\"line-height: 16px; font: normal normal normal 13px\/normal Verdana; margin: 0px\">Kuvallisen uutisilmaisun koulutuksen puutteesta tai sen aliarvostamisesta?<\/li>\n<li style=\"line-height: 16px; font: normal normal normal 13px\/normal Verdana; margin: 0px\">Ovatko Ylen tv \u2013toimittajien ja teknisten alojen ammattij\u00e4rjest\u00f6t tehneet kuvausryhm\u00e4n jalkauttamisesta niin kallista ja hankalaa, ettei talolla ole siihen varaa?<\/li>\n<li style=\"line-height: 16px; font: normal normal normal 13px\/normal Verdana; margin: 0px\">Vai johtuuko se taloon junttautuneesta \u201dmeill\u00e4 tehd\u00e4\u00e4n niin kuin ennenkin on tehty\u201d \u2013ajattelusta?Tied\u00e4n, ett\u00e4 aamu-tv:n toimituksessa asiaa perustellaan lehtienlukua mm. sill\u00e4, ett\u00e4 &#8221;synnyinseutunsa ulkopuolella asuvista ihmisist\u00e4 on hauska kuulla, mit\u00e4 heid\u00e4n kotiseutujensa lehdet kirjoittavat&#8221;. Nyky\u00e4\u00e4n kuitenkin l\u00e4hes jokainen aviisi julkaisee t\u00e4rkeimm\u00e4t uutisensa omalla sivustollaan niit\u00e4 varten, jotka eiv\u00e4t halua lehte\u00e4 tilata. Viimemainittukin on Suomessa edelleen mahdollista, vaikka yh\u00e4 harvempi niin tekee.<\/li>\n<\/ul>\n<p style=\"margin-top: 0px; margin-right: 0px; margin-bottom: 13px; margin-left: 0px; line-height: 16px; font: normal normal normal 13px\/normal Verdana; min-height: 16px\">&nbsp;<\/p>\n<p style=\"margin-top: 0px; margin-right: 0px; margin-bottom: 13px; margin-left: 0px; line-height: 16px; font: normal normal normal 13px\/normal Verdana\"><strong>Olin itse mukana tekem\u00e4ss\u00e4 paikallisradiota<\/strong> silloin, kun toiminta alkoi ja tekij\u00f6iden keskuudessa vallitsi luja usko uuden median yhteis\u00f6llisyytt\u00e4 ja paikkakuntalaisten yhteishenke\u00e4 lis\u00e4\u00e4v\u00e4\u00e4n vaikutukseen. Vaikka toimintaa py\u00f6ritettiin minimaalisin resurssein, niin kunnia-asiana pidettiin sit\u00e4, ett\u00e4 paikalliset uutiset hankittiin ja toimitettiin itse. Niit\u00e4 ei otettu paikallisista sanomalehdist\u00e4.<\/p>\n<p style=\"margin-top: 0px; margin-right: 0px; margin-bottom: 13px; margin-left: 0px; line-height: 16px; font: normal normal normal 13px\/normal Verdana\">My\u00f6nn\u00e4n, ett\u00e4 t\u00e4st\u00e4 historiasta osittain johtuu se, miksi t\u00f6kkii vastaan katsella aamu-tv:n\u00a0toimittajia pl\u00e4r\u00e4\u00e4m\u00e4ss\u00e4 ja lukemassa \u00e4\u00e4neen aamun lehti\u00e4. Eik\u00e4 kuvaakaan toki ole unohdettu:\u00a0Joku on\u00a0keksinyt, ett\u00e4 laitetaan tv -kamera zoomaamaan toimittajan lukemaan lehtiartikkeliin kuuluvaa kuvaa katsojien iloksi. Siin\u00e4 mallia uutiskuvan k\u00e4yt\u00f6st\u00e4 \u00e1la Yle.<\/p>\n<p style=\"margin-top: 0px; margin-right: 0px; margin-bottom: 13px; margin-left: 0px; line-height: 16px; font: normal normal normal 13px\/normal Verdana\">Kaikkein oudoimmalta tuntuisi ajatus, ettei kukaan toimituksesta olisi koskaan tullut ajatelleeksi, milt\u00e4 t\u00e4m\u00e4 n\u00e4ytt\u00e4\u00e4 medioiden keskin\u00e4isen kilpailuhygienian pelis\u00e4\u00e4nt\u00f6jen n\u00e4k\u00f6kulmasta. Yleh\u00e4n p\u00e4\u00e4tti \u00e4skett\u00e4in lopettaa sanomalehtien omistaman Suomen Tietotoimiston (STT)\u00a0uutispalvelujen ostamisen. Nyth\u00e4n n\u00e4ytt\u00e4\u00e4 silt\u00e4, ett\u00e4 palvelua k\u00e4ytet\u00e4\u00e4n edelleen, mutta ilmaiseksi ja vain hieman modifioidusti.<\/p>\n<p style=\"margin-top: 0px; margin-right: 0px; margin-bottom: 13px; margin-left: 0px; line-height: 16px; font: normal normal normal 13px\/normal Verdana\"><strong>Irrotellaanpa hieman!<\/strong>Jos kuvatunkaltaista kilpailevan median hyv\u00e4ksik\u00e4ytt\u00f6\u00e4 voidaan Yless\u00e4 surutta k\u00e4ytt\u00e4\u00e4, niin miksei astella samaa tiet\u00e4 loppuun saakka.\u00a0Otetaan toimittajille nettip\u00e4\u00e4te p\u00f6yd\u00e4lle, josta voidaan etsi\u00e4 ja lukea \u00e4\u00e4neen verkosta mielenkiintoisilta vaikuttavia sattumuksia ja tapahtumia. Samoin voidaan toki uutisetkin hoitaa. Tai sitten avataan studion p\u00f6yd\u00e4ll\u00e4 oleva radiovastaanotin ja annetaan vaikkapa Novan,\u00a0\u00a0957:n tai jonkin muun radioaseman uutislukijan hoitaa uutiset. Toimittaja pitelee mikrofonia kaiuttimen edess\u00e4.<\/p>\n<p style=\"margin-top: 0px; margin-right: 0px; margin-bottom: 13px; margin-left: 0px; line-height: 16px; font: normal normal normal 13px\/normal Verdana\">Ja TV-vastaanottimiahan Yless\u00e4 piisaa. Laitetaan pari studion nurkkaan, toinen BBC:n ja toinen CNN:n kanavalle. Aina v\u00e4lill\u00e4 siin\u00e4 vaiheessa, kun toimittaja muutoin toteaisi jotenkin, ett\u00e4 \u201dt\u00e4ss\u00e4 v\u00e4liss\u00e4 ennen studiovieraan saapumista voidaankin vilkaista, mit\u00e4 Kainuun Sanomat kirjoittaa\u00a0&#8221;Etel\u00e4n mediasta\u201d , h\u00e4n voisikin sanoa, ett\u00e4 \u201dhei nyt tuolla CNN:ss\u00e4 n\u00e4ytt\u00e4 olevan menossa mielenkiintoista kuvaa jostakin h\u00e4ss\u00e4k\u00e4st\u00e4, zoomataankin hetkeksi sinne\u201d. N\u00e4in kuluisi aamu rattoisasti viimeisen p\u00e4\u00e4lle viritetyn uutisaineksen jatkojalostuksen merkeiss\u00e4. Ja seh\u00e4n olisi viel\u00e4 kest\u00e4v\u00e4n kehityksen mukaista informaation uusiok\u00e4ytt\u00f6\u00e4.<\/p>\n<p style=\"margin-top: 0px; margin-right: 0px; margin-bottom: 13px; margin-left: 0px; line-height: 16px; font: normal normal normal 13px\/normal Verdana\"><strong>Vakavasti puhuttuna<\/strong> Ylen tulisi nostaa liikkuva kuva sille kuuluvaan asemaan\u00a0vahvana tiedon v\u00e4litt\u00e4misen v\u00e4lineen\u00e4. Ellette siell\u00e4 muuta keksi, niin kootkaa kaikki\u00a0uutis- ja ajankohtaistoimitusten\u00a0osaavat kuvaajat koulutusseminaarin, jossa annetaan teht\u00e4v\u00e4ksi tehd\u00e4 kuvallisia uutistarinoita ilman ainuttakaan puhuttua tai kirjoitettua sanaa. Olen varma, ett\u00e4 n\u00e4it\u00e4 tuotoksia kelpaisi n\u00e4ytt\u00e4\u00e4 katsojille. Ja niit\u00e4, joita ei katsojille voisi n\u00e4ytt\u00e4\u00e4, voisi sitten katsella my\u00f6hemmin omassa porukassa talon pikkujouluissa\u2026<\/p>\n<p><\/strong><\/font><\/p>\n","protected":false},"excerpt":{"rendered":"<p>Olen usein ihmetellyt sit\u00e4 estottomuutta, tai sanoisinko per\u00e4ti h\u00e4veli\u00e4isyyden puutetta, mit\u00e4 ykk\u00f6sen aamu-tv osoittaa lukiessaan sanomalehti\u00e4 suorissa studio-osuuksissaan.\u00a0Suomalainen printtimediahan on p\u00e4\u00e4osin laadukasta, monipuolista, kiihkotonta ja informatiivista luettavaa. Itselt\u00e4nikin kuluu lehtien lukuun v\u00e4hint\u00e4\u00e4n tunti p\u00e4iv\u00e4ss\u00e4, usein enemm\u00e4nkin. Mutta mieluiten ihan soolona, &hellip; <a href=\"https:\/\/www.reijoliinamaa.fi\/?p=26\">Lue loppuun <span class=\"meta-nav\">&rarr;<\/span><\/a><\/p>\n","protected":false},"author":2,"featured_media":0,"comment_status":"open","ping_status":"open","sticky":false,"template":"","format":"standard","meta":{"footnotes":""},"categories":[175,1],"tags":[],"class_list":["post-26","post","type-post","status-publish","format-standard","hentry","category-media","category-yleinen"],"_links":{"self":[{"href":"https:\/\/www.reijoliinamaa.fi\/index.php?rest_route=\/wp\/v2\/posts\/26","targetHints":{"allow":["GET"]}}],"collection":[{"href":"https:\/\/www.reijoliinamaa.fi\/index.php?rest_route=\/wp\/v2\/posts"}],"about":[{"href":"https:\/\/www.reijoliinamaa.fi\/index.php?rest_route=\/wp\/v2\/types\/post"}],"author":[{"embeddable":true,"href":"https:\/\/www.reijoliinamaa.fi\/index.php?rest_route=\/wp\/v2\/users\/2"}],"replies":[{"embeddable":true,"href":"https:\/\/www.reijoliinamaa.fi\/index.php?rest_route=%2Fwp%2Fv2%2Fcomments&post=26"}],"version-history":[{"count":1,"href":"https:\/\/www.reijoliinamaa.fi\/index.php?rest_route=\/wp\/v2\/posts\/26\/revisions"}],"predecessor-version":[{"id":2130,"href":"https:\/\/www.reijoliinamaa.fi\/index.php?rest_route=\/wp\/v2\/posts\/26\/revisions\/2130"}],"wp:attachment":[{"href":"https:\/\/www.reijoliinamaa.fi\/index.php?rest_route=%2Fwp%2Fv2%2Fmedia&parent=26"}],"wp:term":[{"taxonomy":"category","embeddable":true,"href":"https:\/\/www.reijoliinamaa.fi\/index.php?rest_route=%2Fwp%2Fv2%2Fcategories&post=26"},{"taxonomy":"post_tag","embeddable":true,"href":"https:\/\/www.reijoliinamaa.fi\/index.php?rest_route=%2Fwp%2Fv2%2Ftags&post=26"}],"curies":[{"name":"wp","href":"https:\/\/api.w.org\/{rel}","templated":true}]}}