{"id":252,"date":"2012-09-16T11:04:44","date_gmt":"2012-09-16T11:04:44","guid":{"rendered":"http:\/\/www.rexmusic.fi\/blog\/?p=252"},"modified":"2018-07-20T08:04:38","modified_gmt":"2018-07-20T08:04:38","slug":"vaalit-lahestyvat-olenko-valmis","status":"publish","type":"post","link":"https:\/\/www.reijoliinamaa.fi\/?p=252","title":{"rendered":"Vaalit l\u00e4hestyv\u00e4t &#8211; olenko valmis?"},"content":{"rendered":"<p>Tein p\u00e4\u00e4t\u00f6ksen, jota viel\u00e4 10 vuotta sitten olisin pit\u00e4nyt mahdottomana: Ryhdyin M\u00e4nts\u00e4l\u00e4n kunnallisvaaliehdokkaaksi! Ajattelin, ett\u00e4 vuosikausia politiikkaa sivusta seurattuani voisin yritt\u00e4\u00e4 itsekin osallistua p\u00e4\u00e4t\u00f6ksentekoon.<br \/>\nMinua alkoi my\u00f6s huolestuttaa kehitys, jossa alenevan \u00e4\u00e4nestysprosentin oloissa yh\u00e4 pienempi porukka p\u00e4\u00e4tt\u00e4\u00e4 siit\u00e4, mill\u00e4 painotuksilla kuntalaisten arkeen p\u00e4ivitt\u00e4in vaikuttava budjetti rakentuu.<\/p>\n<p>Puoluevalintaani (SDP) ei tarvinnut pitk\u00e4\u00e4n pohtia. Ty\u00f6l\u00e4iskodissa varttuneena yhteiskunnan sosiaalinen kerrostuminen, ty\u00f6v\u00e4enslangilla luokkajako, selvisi hyvin v\u00e4h\u00e4isell\u00e4 omalla vaivann\u00e4\u00f6ll\u00e4. Talvi- ja jatkosodasta johtuen kummallakaan vanhemmistani ei ollut tilaisuutta k\u00e4yd\u00e4 kouluja edes ammattitutkintoon saakka, joten he kasvattivat ja kouluttivat lapsensa niill\u00e4 t\u00f6ill\u00e4 mit\u00e4 maaseudulla tarjolla oli. Enimm\u00e4kseen sekat\u00f6it\u00e4 ja tuntipalkalla.<br \/>\nPikkuhiljaa huomasin tarkastelevani asioita yleens\u00e4 heikommin p\u00e4rj\u00e4\u00e4v\u00e4n n\u00e4k\u00f6kulmasta. Eik\u00e4 t\u00e4m\u00e4 tarkastelukulma ole muuttunut, vaikka itse sainkin k\u00e4yd\u00e4 kouluja halujeni mukaan. Kouluttauduin musiikinopettajaksi, valmistuin v. 1982. Ensimm\u00e4inen tutkintoni oli kuitenkin Vaasan kauppaopiston yo -merkonomin tutkinto, v. 1971.<\/p>\n<p>Olen asunut M\u00e4nts\u00e4l\u00e4ss\u00e4 noin 14 vuotta. Sit\u00e4 ennen toimin musiikinopettajana Helsingiss\u00e4, my\u00f6hemmin p\u00e4\u00e4toimittajana Keravalla paikallisradiossa ja yritt\u00e4j\u00e4n\u00e4 edelleen toimivassa yrityksess\u00e4ni. P\u00e4\u00e4ty\u00f6ni M\u00e4nts\u00e4l\u00e4ss\u00e4 on kuitenkin ollut musiikin- ja luokanopettajan ty\u00f6 Kirkonkyl\u00e4n koulussa. Muita ty\u00f6nluonteisia harrastuksia on \u00a0toiminta M\u00e4nts\u00e4l\u00e4n Viihdelaulajien sek\u00e4 muutaman pop\/rock -b\u00e4ndin kanssa.<\/p>\n<p>Vaikka sivistys- ja kulttuuriasiat kuuluvatkin niihin, joihin ty\u00f6n puolesta katson parhaiten perehtyneeni, olen blogeissani osallistunut valtakunnalliseen talouspoliittiseen keskusteluun. Tuon kiinnostukseni ja 25 -vuotisen yritt\u00e4jyyteni kautta pid\u00e4n itse\u00e4ni suhteellisen perehtyneen\u00e4 my\u00f6s talousasioissa.<\/p>\n<p>Tulen kirjoittelemaan t\u00e4h\u00e4n blogiin k\u00e4sityksi\u00e4ni M\u00e4nts\u00e4l\u00e4n kehitt\u00e4misest\u00e4 edelleen vire\u00e4mm\u00e4ksi, kulttuurimy\u00f6nteisemm\u00e4ksi ja posiiviseksi paikkakunnaksi, jonne my\u00f6s uudet yritykset mielell\u00e4\u00e4n tulevat.<br \/>\nOlisi mukavaa, jos viitsisitte kommentoida, olette sitten samaa tai eri mielt\u00e4!<\/p>\n<p>PS! Toinen blogini l\u00f6ytyy osoitteesta: http:\/\/www.blogit.demari.fi\/reijolii<\/p>\n<p>&nbsp;<\/p>\n<p>&nbsp;<\/p>\n","protected":false},"excerpt":{"rendered":"<p>Tein p\u00e4\u00e4t\u00f6ksen, jota viel\u00e4 10 vuotta sitten olisin pit\u00e4nyt mahdottomana: Ryhdyin M\u00e4nts\u00e4l\u00e4n kunnallisvaaliehdokkaaksi! Ajattelin, ett\u00e4 vuosikausia politiikkaa sivusta seurattuani voisin yritt\u00e4\u00e4 itsekin osallistua p\u00e4\u00e4t\u00f6ksentekoon. Minua alkoi my\u00f6s huolestuttaa kehitys, jossa alenevan \u00e4\u00e4nestysprosentin oloissa yh\u00e4 pienempi porukka p\u00e4\u00e4tt\u00e4\u00e4 siit\u00e4, mill\u00e4 painotuksilla &hellip; <a href=\"https:\/\/www.reijoliinamaa.fi\/?p=252\">Lue loppuun <span class=\"meta-nav\">&rarr;<\/span><\/a><\/p>\n","protected":false},"author":1,"featured_media":0,"comment_status":"open","ping_status":"open","sticky":false,"template":"","format":"standard","meta":{"footnotes":""},"categories":[4],"tags":[],"class_list":["post-252","post","type-post","status-publish","format-standard","hentry","category-arkisto"],"_links":{"self":[{"href":"https:\/\/www.reijoliinamaa.fi\/index.php?rest_route=\/wp\/v2\/posts\/252","targetHints":{"allow":["GET"]}}],"collection":[{"href":"https:\/\/www.reijoliinamaa.fi\/index.php?rest_route=\/wp\/v2\/posts"}],"about":[{"href":"https:\/\/www.reijoliinamaa.fi\/index.php?rest_route=\/wp\/v2\/types\/post"}],"author":[{"embeddable":true,"href":"https:\/\/www.reijoliinamaa.fi\/index.php?rest_route=\/wp\/v2\/users\/1"}],"replies":[{"embeddable":true,"href":"https:\/\/www.reijoliinamaa.fi\/index.php?rest_route=%2Fwp%2Fv2%2Fcomments&post=252"}],"version-history":[{"count":10,"href":"https:\/\/www.reijoliinamaa.fi\/index.php?rest_route=\/wp\/v2\/posts\/252\/revisions"}],"predecessor-version":[{"id":811,"href":"https:\/\/www.reijoliinamaa.fi\/index.php?rest_route=\/wp\/v2\/posts\/252\/revisions\/811"}],"wp:attachment":[{"href":"https:\/\/www.reijoliinamaa.fi\/index.php?rest_route=%2Fwp%2Fv2%2Fmedia&parent=252"}],"wp:term":[{"taxonomy":"category","embeddable":true,"href":"https:\/\/www.reijoliinamaa.fi\/index.php?rest_route=%2Fwp%2Fv2%2Fcategories&post=252"},{"taxonomy":"post_tag","embeddable":true,"href":"https:\/\/www.reijoliinamaa.fi\/index.php?rest_route=%2Fwp%2Fv2%2Ftags&post=252"}],"curies":[{"name":"wp","href":"https:\/\/api.w.org\/{rel}","templated":true}]}}