{"id":25,"date":"2008-06-15T16:08:19","date_gmt":"2008-06-15T13:08:19","guid":{"rendered":"http:\/\/rexmusic.fi\/blogi\/?p=25"},"modified":"2008-06-15T16:08:19","modified_gmt":"2008-06-15T13:08:19","slug":"vaheneeko-myos-aanestajien-valta","status":"publish","type":"post","link":"https:\/\/www.reijoliinamaa.fi\/?p=25","title":{"rendered":"V\u00e4heneek\u00f6 my\u00f6s \u00e4\u00e4nest\u00e4jien valta?"},"content":{"rendered":"<p><span style=\"font-family: Arial\"><span style=\"font-family: Arial\"><font size=\"2\">Keskustelu presidentin valtaoikeuksien v\u00e4hent\u00e4misest\u00e4 tai jopa poistamisesta on\u00a0t\u00e4h\u00e4n saakka k\u00e4sitellyt aihetta yksinomaan ulkopolitiikan hoitamisen k\u00e4yt\u00e4nn\u00f6n j\u00e4rjestelyjen n\u00e4k\u00f6kulmasta. Puheenvuoroissa ovat vilahdelleet k\u00e4sitteet \u201dkahden lautasen politiikka\u201d , \u201dyhteisty\u00f6ss\u00e4 hallituksen kanssa\u201d, sek\u00e4 kysymys siit\u00e4 kenelle presidentti on toimistaan vastuussa.\u00a0V\u00e4hemm\u00e4n sen sijaan on k\u00e4sitelty sit\u00e4, paljonko \u00e4\u00e4nest\u00e4j<span class=\"468005612-15062008\">ie<\/span>n valta v\u00e4henee ulkopolitiikan suunnasta p\u00e4\u00e4tt\u00e4misen osalta, jos presidentin valta<span class=\"468005612-15062008\">a<\/span> siirret\u00e4\u00e4n\u00a0hallitukselle (= p\u00e4\u00e4- ja ulkoministerille).<br \/>\nMik\u00e4li eduskuntavaalien menettelytapaan ei mahdollisen presidentin valtaoikeuksien v\u00e4hent\u00e4misen yhteydess\u00e4 tehd\u00e4 muutoksia, tulee\u00a0<span class=\"468005612-15062008\">kansalaisilta v\u00e4henev\u00e4\u00a0valta<\/span>\u00a0ulkopolitiikan suhteen\u00a0<span class=\"468005612-15062008\">siirtym\u00e4\u00e4n puolueorganisaatioille<\/span>. T\u00e4m\u00e4 on luonnollisesti puolueiden tiedossa, mutta siit\u00e4 ei sattuneesta syyst\u00e4 haluta puhua. Suomalaiseen parlamentarismiin on kehittynyt tapa, joka l\u00e4hes automaattisesti tekee eduskuntavaalit voittaneen suurimman puolueen puheenjohtajasta p\u00e4\u00e4ministerin. Ulkopoliittisen vallan uudelleenjaon seurauksena p\u00e4\u00e4ministeri edustaisi k\u00e4yt\u00e4nn\u00f6ss\u00e4 maan ylint\u00e4 aloite- ja <span>\u00a0<\/span>toimeenpanovaltaa ulkopolitiikassa.<span>\u00a0 <\/span>Puolueiden puheenjohtajat valitaan puoluekokouksissa, joihin osallistuu puolueesta riippuen muutama sata ihmist\u00e4. Poliittisten puolueiden maksavia j\u00e4seni\u00e4 suomalaisista on ehk\u00e4 prosentin verran. Siin\u00e4 prosentissa\u00a0olisi<span class=\"468005612-15062008\"> sitten<\/span>\u00a0demokratian toteutuma koko karuudessaan, mit\u00e4 tulee<span class=\"468005612-15062008\"> <\/span>ulkopolitiikan suunnanm\u00e4\u00e4rittelyyn. Melko nirkoosta, sanoisin.<br \/>\nPuheet siit\u00e4, ett\u00e4 parlamentarismin mekanismit takaisivat kuitenkin asioiden j\u00e4rkev\u00e4n hoitamisen sek\u00e4 demokratian toteutumisen ulkopolitiikassa, voidaan j\u00e4tt\u00e4\u00e4 omaan arvoonsa. Kriisiaikoina toteutuu erityisen hyvin vanha sanonta siit\u00e4, milloin ja miss\u00e4 tyhmyys tiivistyy. Muistelkaamme vaikkapa pankkikriisi\u00e4.<br \/>\nMinusta nykyinen kaksinapainen ulkopoliittinen vastuunjako, jossa presidentti saa valtakirjansa suoraan kansalta on eritt\u00e4in hyv\u00e4. <strong>Jos kuitenkin presidentin valtaoikeudet siirret\u00e4\u00e4n p\u00e4\u00e4ministerille ilman ett\u00e4 \u00e4\u00e4nest\u00e4jille annetaan mahdollisuutta \u00e4\u00e4nest\u00e4\u00e4 p\u00e4\u00e4ministerin henkil\u00f6st\u00e4, voidaan yksiselitteisesti todeta demokratian heikkenev\u00e4n Suomessa<\/strong>. Sek\u00f6 t\u00e4ss\u00e4 on ajatuksenakin? Kansa kun ei joidenkin mielest\u00e4\u00a0<span class=\"468005612-15062008\">ymm\u00e4rr\u00e4 <\/span>omaa parastaan, vaikka sit\u00e4 kuinka koetettaisiin sille selitt\u00e4\u00e4.<\/font><\/span><span style=\"font-family: Arial\"><font size=\"2\">\u00a0<\/font><\/span><\/span><\/p>\n<personname ProductID=\"Reijo Liinamaa\" w:st=\"on\"><\/personname><span style=\"font-size: 10pt; font-family: Arial\">Reijo Liinamaa<\/span><\/p>\n","protected":false},"excerpt":{"rendered":"<p>Keskustelu presidentin valtaoikeuksien v\u00e4hent\u00e4misest\u00e4 tai jopa poistamisesta on\u00a0t\u00e4h\u00e4n saakka k\u00e4sitellyt aihetta yksinomaan ulkopolitiikan hoitamisen k\u00e4yt\u00e4nn\u00f6n j\u00e4rjestelyjen n\u00e4k\u00f6kulmasta. Puheenvuoroissa ovat vilahdelleet k\u00e4sitteet \u201dkahden lautasen politiikka\u201d , \u201dyhteisty\u00f6ss\u00e4 hallituksen kanssa\u201d, sek\u00e4 kysymys siit\u00e4 kenelle presidentti on toimistaan vastuussa.\u00a0V\u00e4hemm\u00e4n sen sijaan on k\u00e4sitelty &hellip; <a href=\"https:\/\/www.reijoliinamaa.fi\/?p=25\">Lue loppuun <span class=\"meta-nav\">&rarr;<\/span><\/a><\/p>\n","protected":false},"author":2,"featured_media":0,"comment_status":"open","ping_status":"open","sticky":false,"template":"","format":"standard","meta":{"footnotes":""},"categories":[1],"tags":[],"class_list":["post-25","post","type-post","status-publish","format-standard","hentry","category-yleinen"],"_links":{"self":[{"href":"https:\/\/www.reijoliinamaa.fi\/index.php?rest_route=\/wp\/v2\/posts\/25","targetHints":{"allow":["GET"]}}],"collection":[{"href":"https:\/\/www.reijoliinamaa.fi\/index.php?rest_route=\/wp\/v2\/posts"}],"about":[{"href":"https:\/\/www.reijoliinamaa.fi\/index.php?rest_route=\/wp\/v2\/types\/post"}],"author":[{"embeddable":true,"href":"https:\/\/www.reijoliinamaa.fi\/index.php?rest_route=\/wp\/v2\/users\/2"}],"replies":[{"embeddable":true,"href":"https:\/\/www.reijoliinamaa.fi\/index.php?rest_route=%2Fwp%2Fv2%2Fcomments&post=25"}],"version-history":[{"count":0,"href":"https:\/\/www.reijoliinamaa.fi\/index.php?rest_route=\/wp\/v2\/posts\/25\/revisions"}],"wp:attachment":[{"href":"https:\/\/www.reijoliinamaa.fi\/index.php?rest_route=%2Fwp%2Fv2%2Fmedia&parent=25"}],"wp:term":[{"taxonomy":"category","embeddable":true,"href":"https:\/\/www.reijoliinamaa.fi\/index.php?rest_route=%2Fwp%2Fv2%2Fcategories&post=25"},{"taxonomy":"post_tag","embeddable":true,"href":"https:\/\/www.reijoliinamaa.fi\/index.php?rest_route=%2Fwp%2Fv2%2Ftags&post=25"}],"curies":[{"name":"wp","href":"https:\/\/api.w.org\/{rel}","templated":true}]}}