{"id":243,"date":"2012-08-31T13:45:08","date_gmt":"2012-08-31T13:45:08","guid":{"rendered":"http:\/\/www.rexmusic.fi\/blog\/?p=243"},"modified":"2018-07-20T08:05:34","modified_gmt":"2018-07-20T08:05:34","slug":"inttavaa-journalismia","status":"publish","type":"post","link":"https:\/\/www.reijoliinamaa.fi\/?p=243","title":{"rendered":"Intt\u00e4v\u00e4\u00e4 journalismia"},"content":{"rendered":"<p><em><\/em><strong>TV1:n A -talkissa<\/strong> keskusteltiin torstaina 30.8 <strong>Susanne P\u00e4iv\u00e4rinnan<\/strong> em\u00e4nn\u00f6im\u00e4n\u00e4 juuri hallituksessa sopuun p\u00e4\u00e4tyneest\u00e4 vanhuspalvelulaista. Hyv\u00e4\u00e4 ohjelmassa oli se, ett\u00e4 vieraiksi oli kutsuttu p\u00e4\u00e4tt\u00e4jien lis\u00e4ksi my\u00f6s kaksi \u201dasianosaista\u201d, l\u00e4hihoitaja <strong>Arja Ilom\u00e4ki<\/strong> sek\u00e4 vanhuksen omainen <strong>Kaija-Leena Sinkko<\/strong>. Kumpikin heist\u00e4 olisi l\u00e4mpim\u00e4sti kannattanut lakiin kirjattuja mitoituksia. Ohjelman voi katsoa Areenasta.<\/p>\n<p>Muuta erityisen hyv\u00e4\u00e4 itse ohjelmasta ei j\u00e4\u00e4k\u00e4\u00e4n k\u00e4teen. Toimittaja P\u00e4iv\u00e4rinta edustaa toimittajatyyppi\u00e4, joka katsoo surutta voivansa olla ohjelmaa juontaessaan samaan aikaan provokatiivinen ja huolestunut, j\u00e4m\u00e4kk\u00e4 ja ep\u00e4johdonmukainen, empaattinen ja piikik\u00e4s. Avattuaan keskustelun henkil\u00f6st\u00f6mitoitukseen liittyneit\u00e4 lukuja 0,5 ja 0,7 toistellen ja asiaan liittynytt\u00e4 \u201dkohua\u201d h\u00e4mm\u00e4stellen toimittaja siirtyi sujuvasti tivaamaan peruspalveluministeri <strong>Guzenina-Richardsonilta<\/strong> sit\u00e4, miten pettynyt t\u00e4m\u00e4 saavutettuun sopuun oli, miksi mitoitusvaatimus ei mennyt l\u00e4pi, vaikka ministeri laittoi henkil\u00f6kohtaisen arvovaltansa peliin ja vaikka 5 hallituspuoluetta mitoitusta kannatti. Tivaaminen p\u00e4\u00e4ttyi vasta, kun ministeri kertoi muuhun tuloksen p\u00e4\u00e4tymisen olleen mahdotonta, koska p\u00e4\u00e4ministeripuolue Kokoomus ei sit\u00e4 hyv\u00e4ksynyt. Jostakin syyst\u00e4 toimittaja p\u00e4\u00e4tti j\u00e4tt\u00e4\u00e4 keskustelun t\u00e4h\u00e4n.<\/p>\n<p>My\u00f6hemmin P\u00e4iv\u00e4rinta palasi samaan teemaan ihmetellen, miksi poliittinen keskustelu on py\u00f6rinyt vain mitoituksen ymp\u00e4rill\u00e4 lakiehdotuksen muut ulottuvuudet unohtaen. Kaija-Leena Sinkko kertoi selkokielell\u00e4, kuka t\u00e4t\u00e4 keskustelua desimaaleissa on yll\u00e4pit\u00e4nyt: Media itse! T\u00e4h\u00e4nk\u00e4\u00e4n toimittajalta ei l\u00f6ytynyt kommenttia, vaan h\u00e4n siirtyi nopeasti seuraavaan aiheeseen.<\/p>\n<p>Olisi s\u00e4\u00e4li, jos n\u00e4inkin hyv\u00e4ll\u00e4 ulosannilla ja nopealla j\u00e4rjenjuoksulla varustettu toimittaja tyytyisi poliittisia ohjelmia juontaessaan vain r\u00e4v\u00e4kk\u00e4\u00e4n ja mutkat suoriksi oikovaan jyr\u00e4\u00e4miseen sensijaan, ett\u00e4 pyrkisi etsim\u00e4\u00e4n niit\u00e4 todellisia ideologisia arvopohjaisia solmukohtia, mitk\u00e4 eri puolueiden kannat ratkaisevat. Niist\u00e4 voisi synty\u00e4 ihan todellistakin keskustelua intt\u00e4misen sijaan, mik\u00e4 nyt n\u00e4ytt\u00e4\u00e4 suorituksen mittariksi riitt\u00e4v\u00e4n.<\/p>\n","protected":false},"excerpt":{"rendered":"<p>TV1:n A -talkissa keskusteltiin torstaina 30.8 Susanne P\u00e4iv\u00e4rinnan em\u00e4nn\u00f6im\u00e4n\u00e4 juuri hallituksessa sopuun p\u00e4\u00e4tyneest\u00e4 vanhuspalvelulaista. Hyv\u00e4\u00e4 ohjelmassa oli se, ett\u00e4 vieraiksi oli kutsuttu p\u00e4\u00e4tt\u00e4jien lis\u00e4ksi my\u00f6s kaksi \u201dasianosaista\u201d, l\u00e4hihoitaja Arja Ilom\u00e4ki sek\u00e4 vanhuksen omainen Kaija-Leena Sinkko. Kumpikin heist\u00e4 olisi l\u00e4mpim\u00e4sti kannattanut &hellip; <a href=\"https:\/\/www.reijoliinamaa.fi\/?p=243\">Lue loppuun <span class=\"meta-nav\">&rarr;<\/span><\/a><\/p>\n","protected":false},"author":1,"featured_media":0,"comment_status":"open","ping_status":"open","sticky":false,"template":"","format":"standard","meta":{"footnotes":""},"categories":[4],"tags":[],"class_list":["post-243","post","type-post","status-publish","format-standard","hentry","category-arkisto"],"_links":{"self":[{"href":"https:\/\/www.reijoliinamaa.fi\/index.php?rest_route=\/wp\/v2\/posts\/243","targetHints":{"allow":["GET"]}}],"collection":[{"href":"https:\/\/www.reijoliinamaa.fi\/index.php?rest_route=\/wp\/v2\/posts"}],"about":[{"href":"https:\/\/www.reijoliinamaa.fi\/index.php?rest_route=\/wp\/v2\/types\/post"}],"author":[{"embeddable":true,"href":"https:\/\/www.reijoliinamaa.fi\/index.php?rest_route=\/wp\/v2\/users\/1"}],"replies":[{"embeddable":true,"href":"https:\/\/www.reijoliinamaa.fi\/index.php?rest_route=%2Fwp%2Fv2%2Fcomments&post=243"}],"version-history":[{"count":2,"href":"https:\/\/www.reijoliinamaa.fi\/index.php?rest_route=\/wp\/v2\/posts\/243\/revisions"}],"predecessor-version":[{"id":245,"href":"https:\/\/www.reijoliinamaa.fi\/index.php?rest_route=\/wp\/v2\/posts\/243\/revisions\/245"}],"wp:attachment":[{"href":"https:\/\/www.reijoliinamaa.fi\/index.php?rest_route=%2Fwp%2Fv2%2Fmedia&parent=243"}],"wp:term":[{"taxonomy":"category","embeddable":true,"href":"https:\/\/www.reijoliinamaa.fi\/index.php?rest_route=%2Fwp%2Fv2%2Fcategories&post=243"},{"taxonomy":"post_tag","embeddable":true,"href":"https:\/\/www.reijoliinamaa.fi\/index.php?rest_route=%2Fwp%2Fv2%2Ftags&post=243"}],"curies":[{"name":"wp","href":"https:\/\/api.w.org\/{rel}","templated":true}]}}