{"id":2322,"date":"2023-04-15T05:48:33","date_gmt":"2023-04-15T05:48:33","guid":{"rendered":"https:\/\/www.reijoliinamaa.fi\/?p=2322"},"modified":"2023-04-16T04:40:27","modified_gmt":"2023-04-16T04:40:27","slug":"kuolevatko-paikallislehdet","status":"publish","type":"post","link":"https:\/\/www.reijoliinamaa.fi\/?p=2322","title":{"rendered":"Kuolevatko paikallislehdet?"},"content":{"rendered":"\n<p class=\"has-medium-font-size\">T\u00e4t\u00e4 kyseltiin Ylen <a href=\"https:\/\/areena.yle.fi\/1-63997442?autoplay=true\">Viimeisess\u00e4 sanassa<\/a> 14.4. <br>Mukana oli lopettamisuhan partaalla olevia paikallislehti\u00e4 ahkerasti ostellut Keskisuomalainen -konsernin pomo <strong>Vesa-Pekka Kangaskorpi<\/strong>, Journalistiliiton pj <strong>Hanna Aho<\/strong> sek\u00e4 Tampereen yliopiston tiedotusopin dosentti <strong>Heikki Hellman.<\/strong><\/p>\n\n\n\n<p><strong>Keskustelun<\/strong> kuuma pihvi oli valtion mediatuki, mit\u00e4 k\u00e4\u00e4nneltiin pihdeill\u00e4 eri asentoon, ja mist\u00e4 annettiin my\u00f6s harhaanjohtavaa tietoa vertailussa muihin Pohjoismaihin. <em>\u201dMeill\u00e4 ei ole mediatukia, meill\u00e4 on eritt\u00e4in korkeat arvonlis\u00e4verot\u201d<\/em> v\u00e4itti Hanna Aho, eik\u00e4 edes toimittaja korjannut ilmeist\u00e4 virhett\u00e4. <br>Suomen yleinen alv-kanta on 24%, mutta sanomalehdille se on laskettu 10%:iin. Ensinn\u00e4k\u00e4\u00e4n sit\u00e4 ei voi pit\u00e4\u00e4 \u201deritt\u00e4in korkeana\u201d ja toisekseen se on ilmiselv\u00e4 mediatuki.<br>Sen merkitys alalle vuodessa on noin 118 miljoonaa euroa.<\/p>\n\n\n\n<p><strong>Aho<\/strong> vertaili suomalaista tukea ruotsalaiseen, jossa alv-tuen lis\u00e4ksi jaetaan mm. suoraa mediatukea ja jakelutukea. Ahon mukaan ruotsalainen ajattelu tarkastelee mediatukea demokratiatukena, kun sit\u00e4 Suomessa pidet\u00e4\u00e4n yritystukena. <br>Merkitysero on kiinnostava. <br>Mielest\u00e4ni se selittyy maiden poliittisen konsensushistorian eroista. Ruotsissa kehittyi pitk\u00e4aikaisen Sdp-dominanssin aikana sek\u00e4 taloutta ett\u00e4 poliittista ilmapiiri\u00e4 vakauttava konsensus mediaa omistavan talouseliitin ja demokraattisen p\u00e4\u00e4t\u00f6ksenteon v\u00e4lill\u00e4.<\/p>\n\n\n\n<p><strong>Meill\u00e4<\/strong> sellaista ei ole p\u00e4\u00e4ssyt kehittym\u00e4\u00e4n, mist\u00e4 on seurannut ainakin kaksi asiaa: <br>Yksityist\u00e4 mediaa tarkastellaan enemm\u00e4n voitontavoittelun kuin demokratian n\u00e4k\u00f6kulmasta, ja sen agendavaltaa k\u00e4ytet\u00e4\u00e4n selke\u00e4mmin alan omia taloudellisia intressej\u00e4 edustavien poliittisten toimijoiden tukemiseen.<\/p>\n\n\n\n<p><strong>Kun<\/strong> meill\u00e4 nyt todenn\u00e4k\u00f6inen oikeistohallitus valmistautuu 4-vuotiskauteensa, tulee Medialiitto lobbaamaan sanomalehtien alv -kohtelun lievent\u00e4mist\u00e4 m\u00e4\u00e4r\u00e4tietoisesti. Pyrkimyksen\u00e4 on ns. 0-verokanta, mik\u00e4 mahdollistaisi myynnin 0-verolla mutta sallisi kuitenkin hakea maksetut arvonlis\u00e4verot takaisin. K\u00e4yt\u00e4nn\u00f6ss\u00e4 kyseess\u00e4 olisi nykyist\u00e4 huomattavasti mittavampi alv -tuki.<br>Arvonlis\u00e4verottomuus ei alaa kiinnosta, koska se ei mahdollistaisi maksetun alv:n palautusta.<\/p>\n\n\n\n<p><strong>Journalistiliiton<\/strong> pj Hanna Aho on oikealla asialla korostaessaan paikallislehtien kohdalla demokratia-n\u00e4k\u00f6kulmaa. Kuntatasolla p\u00e4\u00e4t\u00f6ksenteon tiedonsaantiongelma on todellinen, koska kuntien oman tiedottamisen taso vaihtelee todella isosti.<\/p>\n\n\n\n<p><strong>Jotta<\/strong> valtion mediatukea voitaisiin kasvattaa, olisi oltava takeet siit\u00e4 ett\u00e4 kaupallinen mediamme kokonaisuutena osoittaisi nykyist\u00e4 vakaampaa halua toteuttaa perustuslain edellytt\u00e4m\u00e4\u00e4 kansalaisten puolueettoman tiedon saantia. P\u00e4\u00e4ttyneen 4-vuotiskauden aikana t\u00e4m\u00e4 tavoite ei toteutunut ainakaan IP-lehtiemme politiikkaa k\u00e4sittelev\u00e4ss\u00e4 journalismissa.<br><br><strong>Iltalehden<\/strong> pilapiirt\u00e4j\u00e4 <strong>Ville Ranta<\/strong> kuvaa osuvasti mediamme sis\u00e4\u00e4np\u00e4inl\u00e4mpi\u00e4vyytt\u00e4.<\/p>\n\n\n\n<figure class=\"wp-block-image size-full\"><img loading=\"lazy\" decoding=\"async\" width=\"930\" height=\"711\" src=\"https:\/\/www.reijoliinamaa.fi\/wp-content\/uploads\/2023\/04\/Nayttokuva-2023-4-15-kello-7.44.55.png\" alt=\"\" class=\"wp-image-2323\" srcset=\"https:\/\/www.reijoliinamaa.fi\/wp-content\/uploads\/2023\/04\/Nayttokuva-2023-4-15-kello-7.44.55.png 930w, https:\/\/www.reijoliinamaa.fi\/wp-content\/uploads\/2023\/04\/Nayttokuva-2023-4-15-kello-7.44.55-300x229.png 300w, https:\/\/www.reijoliinamaa.fi\/wp-content\/uploads\/2023\/04\/Nayttokuva-2023-4-15-kello-7.44.55-150x115.png 150w, https:\/\/www.reijoliinamaa.fi\/wp-content\/uploads\/2023\/04\/Nayttokuva-2023-4-15-kello-7.44.55-768x587.png 768w\" sizes=\"auto, (max-width: 930px) 100vw, 930px\" \/><\/figure>\n\n\n\n<p><\/p>\n","protected":false},"excerpt":{"rendered":"<p>T\u00e4t\u00e4 kyseltiin Ylen Viimeisess\u00e4 sanassa 14.4. Mukana oli lopettamisuhan partaalla olevia paikallislehti\u00e4 ahkerasti ostellut Keskisuomalainen -konsernin pomo Vesa-Pekka Kangaskorpi, Journalistiliiton pj Hanna Aho sek\u00e4 Tampereen yliopiston tiedotusopin dosentti Heikki Hellman. Keskustelun kuuma pihvi oli valtion mediatuki, mit\u00e4 k\u00e4\u00e4nneltiin pihdeill\u00e4 eri &hellip; <a href=\"https:\/\/www.reijoliinamaa.fi\/?p=2322\">Lue loppuun <span class=\"meta-nav\">&rarr;<\/span><\/a><\/p>\n","protected":false},"author":1,"featured_media":0,"comment_status":"open","ping_status":"open","sticky":false,"template":"","format":"standard","meta":{"footnotes":""},"categories":[177,175,225,1],"tags":[289,17,290,288,283],"class_list":["post-2322","post","type-post","status-publish","format-standard","hentry","category-kotimaa","category-media","category-politiikka","category-yleinen","tag-keskittyminen","tag-media","tag-mediatuki","tag-paikallislehdet","tag-viimeinen-sana"],"_links":{"self":[{"href":"https:\/\/www.reijoliinamaa.fi\/index.php?rest_route=\/wp\/v2\/posts\/2322","targetHints":{"allow":["GET"]}}],"collection":[{"href":"https:\/\/www.reijoliinamaa.fi\/index.php?rest_route=\/wp\/v2\/posts"}],"about":[{"href":"https:\/\/www.reijoliinamaa.fi\/index.php?rest_route=\/wp\/v2\/types\/post"}],"author":[{"embeddable":true,"href":"https:\/\/www.reijoliinamaa.fi\/index.php?rest_route=\/wp\/v2\/users\/1"}],"replies":[{"embeddable":true,"href":"https:\/\/www.reijoliinamaa.fi\/index.php?rest_route=%2Fwp%2Fv2%2Fcomments&post=2322"}],"version-history":[{"count":7,"href":"https:\/\/www.reijoliinamaa.fi\/index.php?rest_route=\/wp\/v2\/posts\/2322\/revisions"}],"predecessor-version":[{"id":2334,"href":"https:\/\/www.reijoliinamaa.fi\/index.php?rest_route=\/wp\/v2\/posts\/2322\/revisions\/2334"}],"wp:attachment":[{"href":"https:\/\/www.reijoliinamaa.fi\/index.php?rest_route=%2Fwp%2Fv2%2Fmedia&parent=2322"}],"wp:term":[{"taxonomy":"category","embeddable":true,"href":"https:\/\/www.reijoliinamaa.fi\/index.php?rest_route=%2Fwp%2Fv2%2Fcategories&post=2322"},{"taxonomy":"post_tag","embeddable":true,"href":"https:\/\/www.reijoliinamaa.fi\/index.php?rest_route=%2Fwp%2Fv2%2Ftags&post=2322"}],"curies":[{"name":"wp","href":"https:\/\/api.w.org\/{rel}","templated":true}]}}