{"id":2245,"date":"2022-11-13T08:14:16","date_gmt":"2022-11-13T08:14:16","guid":{"rendered":"http:\/\/www.rexmusic.fi\/blog\/?p=2245"},"modified":"2022-11-13T08:14:16","modified_gmt":"2022-11-13T08:14:16","slug":"yle-sallii-orpolle-valehtelun","status":"publish","type":"post","link":"https:\/\/www.reijoliinamaa.fi\/?p=2245","title":{"rendered":"Yle sallii Orpolle valehtelun?"},"content":{"rendered":"\n<p><strong>Kokoomuksen<\/strong> mets\u00e4politiikasta j\u00e4tt\u00e4m\u00e4 v\u00e4likysymys k\u00e4siteltiin eduskunnassa 9.11. Sen mukaan hallitus on laiminly\u00f6nyt velvollisuutensa valvoa Suomen etua Euroopan Komission metsien ns. ennallistamisesityksess\u00e4.<\/p>\n\n\n\n<p>Hallituspuolueet saivat \u00e4\u00e4nestyksess\u00e4 eduskunnan <a href=\"https:\/\/yle.fi\/a\/3-12675793\">luottamuksen \u00e4\u00e4nin 103-73<\/a>. <\/p>\n\n\n\n<p>Teemaa k\u00e4siteltiin my\u00f6s <strong>Ylen Ykk\u00f6saamussa<\/strong> la 12.11, jolloin <strong>Petteri Orpo (Kok)<\/strong> oli <strong>Seija Vaaherkummun<\/strong> haastateltavana.<\/p>\n\n\n\n<p>Toimittaja esitt\u00e4\u00e4 Areenasta l\u00f6ytyv\u00e4ss\u00e4 <a href=\"https:\/\/areena.yle.fi\/1-50971015?autoplay=true\">haastattelussa<\/a>  kohdassa 18\u201900\u201d Orpolle yleis\u00f6kysymyksen:<br><em>\u201dEu-vaikuttamisen ennallistamisasetuksen vastustamista ei kukaan kokoomuksen edustaja Suuressa valiokunnassa vastustanut hein\u00e4kuussa. Miksi?\u201d<\/em><\/p>\n\n\n\n<p>Orpo vastaa:<br><em>\u201dToissijaisuusvaatimus ja sen esitt\u00e4minen komissiolle, se on ihan ty\u00f6j\u00e4rjestyksien mukaan hallituksen teht\u00e4v\u00e4\u201d<\/em><\/p>\n\n\n\n<p><strong>Valtioneuvoston Eurooppatiedotus<\/strong> kertoo yksiselitteisesti, ett\u00e4 toissijaisuusvaatimuksen esitt\u00e4minen kuuluu <a href=\"https:\/\/eurooppatiedotus.fi\/suomi-ja-eu\/eu-asioiden-kasittely-suomessa\">j\u00e4senmaan parlamentille<\/a>, Suomessa siis eduskunnalle. <br><br><em>\u201dKansallisten parlamenttien, Suomessa siis eduskunnan, asema vahvistui Lissabonin sopimuksen perusteella. Merkitt\u00e4vin uudistus on parlamenteille annettu erityisteht\u00e4v\u00e4 valvoa toissijaisuus- eli l\u00e4heisyysperiaatteen toteutumista. P\u00e4\u00e4t\u00f6kset on siten teht\u00e4v\u00e4 mahdollisimman l\u00e4hell\u00e4 kansalaista ja oikealla tasolla. Ellei periaate kansallisten parlamenttien mielest\u00e4 toteudu, ne voivat tehd\u00e4 huomautuksen komissiolle, Euroopan parlamentille ja neuvostolle.\u201d<\/em><\/p>\n\n\n\n<p><strong>Petteri Orpo siis valehtelee<\/strong> kansalaisille. Tiet\u00e4m\u00e4tt\u00f6myydest\u00e4 ei voi olla kyse, koska eduskunnan v\u00e4likysymyskeskustelussa 9.11 asian oikean laita todettiin pariinkin kertaan. Toimittaja Seija Vaaherkumpu ei Orpon virheellisen v\u00e4itteen kohdalla puutu asiaan. Vallan vahtikoira ei edes vingahtanut, vaan antoi vieraansa lasketella luikuria.<\/p>\n\n\n\n<p><strong>Yle<\/strong> on eduskunnan valvonnassa oleva mediatalo, jonka teht\u00e4v\u00e4 politiikan uutisoinnissa olisi muodostaa neutraali vaihtoehto yksityisten mediatalojen omistajien poliittistaloudellisia intressej\u00e4 edustavalle kaupalliselle medialle.\u00a0<br>T\u00e4ll\u00e4 hetkell\u00e4 Yle ei tuosta teht\u00e4v\u00e4st\u00e4\u00e4n suoriudu, eik\u00e4 sen pit\u00e4isi olla yhdentekev\u00e4 asia Yleisradion parlamentaarisin voimasuhtein valitulle hallintoneuvostolle.<\/p>\n","protected":false},"excerpt":{"rendered":"<p>Kokoomuksen mets\u00e4politiikasta j\u00e4tt\u00e4m\u00e4 v\u00e4likysymys k\u00e4siteltiin eduskunnassa 9.11. Sen mukaan hallitus on laiminly\u00f6nyt velvollisuutensa valvoa Suomen etua Euroopan Komission metsien ns. ennallistamisesityksess\u00e4. Hallituspuolueet saivat \u00e4\u00e4nestyksess\u00e4 eduskunnan luottamuksen \u00e4\u00e4nin 103-73. Teemaa k\u00e4siteltiin my\u00f6s Ylen Ykk\u00f6saamussa la 12.11, jolloin Petteri Orpo (Kok) oli &hellip; <a href=\"https:\/\/www.reijoliinamaa.fi\/?p=2245\">Lue loppuun <span class=\"meta-nav\">&rarr;<\/span><\/a><\/p>\n","protected":false},"author":1,"featured_media":0,"comment_status":"open","ping_status":"open","sticky":false,"template":"","format":"standard","meta":{"footnotes":""},"categories":[1],"tags":[],"class_list":["post-2245","post","type-post","status-publish","format-standard","hentry","category-yleinen"],"_links":{"self":[{"href":"https:\/\/www.reijoliinamaa.fi\/index.php?rest_route=\/wp\/v2\/posts\/2245","targetHints":{"allow":["GET"]}}],"collection":[{"href":"https:\/\/www.reijoliinamaa.fi\/index.php?rest_route=\/wp\/v2\/posts"}],"about":[{"href":"https:\/\/www.reijoliinamaa.fi\/index.php?rest_route=\/wp\/v2\/types\/post"}],"author":[{"embeddable":true,"href":"https:\/\/www.reijoliinamaa.fi\/index.php?rest_route=\/wp\/v2\/users\/1"}],"replies":[{"embeddable":true,"href":"https:\/\/www.reijoliinamaa.fi\/index.php?rest_route=%2Fwp%2Fv2%2Fcomments&post=2245"}],"version-history":[{"count":1,"href":"https:\/\/www.reijoliinamaa.fi\/index.php?rest_route=\/wp\/v2\/posts\/2245\/revisions"}],"predecessor-version":[{"id":2246,"href":"https:\/\/www.reijoliinamaa.fi\/index.php?rest_route=\/wp\/v2\/posts\/2245\/revisions\/2246"}],"wp:attachment":[{"href":"https:\/\/www.reijoliinamaa.fi\/index.php?rest_route=%2Fwp%2Fv2%2Fmedia&parent=2245"}],"wp:term":[{"taxonomy":"category","embeddable":true,"href":"https:\/\/www.reijoliinamaa.fi\/index.php?rest_route=%2Fwp%2Fv2%2Fcategories&post=2245"},{"taxonomy":"post_tag","embeddable":true,"href":"https:\/\/www.reijoliinamaa.fi\/index.php?rest_route=%2Fwp%2Fv2%2Ftags&post=2245"}],"curies":[{"name":"wp","href":"https:\/\/api.w.org\/{rel}","templated":true}]}}