{"id":2215,"date":"2022-10-22T02:58:54","date_gmt":"2022-10-22T02:58:54","guid":{"rendered":"http:\/\/www.rexmusic.fi\/blog\/?p=2215"},"modified":"2022-10-22T03:01:23","modified_gmt":"2022-10-22T03:01:23","slug":"viimeinen-sana-mutta-kenen","status":"publish","type":"post","link":"https:\/\/www.reijoliinamaa.fi\/?p=2215","title":{"rendered":"Viimeinen sana &#8211; mutta kenen?"},"content":{"rendered":"\n<p class=\"has-text-align-left has-black-color has-text-color has-medium-font-size\"><strong>Julkisen palvelun Yle ei luota omaan journalistiseen osaamiseensa, vaan tarvitsee media-aiheiseen ohjelmaansa vakiovieraiksi kaupallisten mediayhti\u00f6iden p\u00e4\u00e4toimittajia. <\/strong><br><strong>Vuoroviikoin viimeist\u00e4 sanaa ovat sanomassa Sanoma Oy:n ja Alma Median edustajat.<\/strong><\/p>\n\n\n\n<p><strong>Ylen perjantai-illan<\/strong>, \u2019mediakriittiseksi\u2019 itse\u00e4\u00e4n kutsuvalla <strong><em>\u201dViimeinen sana\u201d<\/em><\/strong> -ohjelmalla olisi edellytyksi\u00e4 tulla oikeasti mediakriittiseksi ohjelmaksi. Se on kuitenkin &#8211; ilmeisen tietoisesti Ylen johdon taholta &#8211; tehty mahdottomaksi valitsemalla ohjelman vakiovieraiksi journalisteja, mutta ei journalismin tutkijoita.<\/p>\n\n\n\n<p>Eik\u00e4 edes mit\u00e4 tahansa journalisteja, vaan &#8211; kuten esim. eilen &#8211; <a href=\"https:\/\/view.24mags.com\/journalisti\/journalisti-12021#\/page=20\" target=\"_blank\" rel=\"noreferrer noopener\">tutkitusti<\/a> ideologisesti puolueellisen Iltalehden p\u00e4\u00e4toimittaja <strong>Perttu Kauppinen<\/strong>.<\/p>\n\n\n\n<p><a href=\"https:\/\/areena.yle.fi\/1-60895819\" target=\"_blank\" rel=\"noreferrer noopener\">Eilen 21.10.<\/a> aiheena oli \u201dAntaako media liikaa valtaa ekonomisteille\u201d? <br>Vastausta kysymykseen ei tietenk\u00e4\u00e4n saatu.&nbsp;<\/p>\n\n\n\n<p>Ekonomistivieras, Laboren tj, taloustutkija <strong>Mika Maliranta<\/strong> ei saanut vastattavakseen kovinkaan ytimekk\u00e4it\u00e4 kysymyksi\u00e4, ja h\u00e4nen roolinsa j\u00e4i osaamiseensa n\u00e4hden heiver\u00f6iseksi.<\/p>\n\n\n\n<p><strong>Viimeinen Sana<\/strong> olisi kehityskelpoinen ohjelma, mutta sen puitteet, formaatti ja ennenkaikkea journalismin tutkijoita karttavat vierasvalinnat pit\u00e4v\u00e4t huolen siit\u00e4, ett\u00e4 anti s\u00e4ilyy enimm\u00e4kseen perjantai-illan viihteen\u00e4 &#8211; vaikka toimittaja <strong>Rosa Kettum\u00e4ell\u00e4<\/strong> selv\u00e4sti olisi sek\u00e4 haluja ett\u00e4 kykyj\u00e4 enemp\u00e4\u00e4nkin.<\/p>\n","protected":false},"excerpt":{"rendered":"<p>Julkisen palvelun Yle ei luota omaan journalistiseen osaamiseensa, vaan tarvitsee media-aiheiseen ohjelmaansa vakiovieraiksi kaupallisten mediayhti\u00f6iden p\u00e4\u00e4toimittajia. Vuoroviikoin viimeist\u00e4 sanaa ovat sanomassa Sanoma Oy:n ja Alma Median edustajat. Ylen perjantai-illan, \u2019mediakriittiseksi\u2019 itse\u00e4\u00e4n kutsuvalla \u201dViimeinen sana\u201d -ohjelmalla olisi edellytyksi\u00e4 tulla oikeasti mediakriittiseksi &hellip; <a href=\"https:\/\/www.reijoliinamaa.fi\/?p=2215\">Lue loppuun <span class=\"meta-nav\">&rarr;<\/span><\/a><\/p>\n","protected":false},"author":1,"featured_media":0,"comment_status":"open","ping_status":"open","sticky":false,"template":"","format":"standard","meta":{"footnotes":""},"categories":[175,225,9,1],"tags":[270,131,284,283],"class_list":["post-2215","post","type-post","status-publish","format-standard","hentry","category-media","category-politiikka","category-talous","category-yleinen","tag-iltalehti","tag-mediakritiikki","tag-rosa-kettumaki","tag-viimeinen-sana"],"_links":{"self":[{"href":"https:\/\/www.reijoliinamaa.fi\/index.php?rest_route=\/wp\/v2\/posts\/2215","targetHints":{"allow":["GET"]}}],"collection":[{"href":"https:\/\/www.reijoliinamaa.fi\/index.php?rest_route=\/wp\/v2\/posts"}],"about":[{"href":"https:\/\/www.reijoliinamaa.fi\/index.php?rest_route=\/wp\/v2\/types\/post"}],"author":[{"embeddable":true,"href":"https:\/\/www.reijoliinamaa.fi\/index.php?rest_route=\/wp\/v2\/users\/1"}],"replies":[{"embeddable":true,"href":"https:\/\/www.reijoliinamaa.fi\/index.php?rest_route=%2Fwp%2Fv2%2Fcomments&post=2215"}],"version-history":[{"count":3,"href":"https:\/\/www.reijoliinamaa.fi\/index.php?rest_route=\/wp\/v2\/posts\/2215\/revisions"}],"predecessor-version":[{"id":2218,"href":"https:\/\/www.reijoliinamaa.fi\/index.php?rest_route=\/wp\/v2\/posts\/2215\/revisions\/2218"}],"wp:attachment":[{"href":"https:\/\/www.reijoliinamaa.fi\/index.php?rest_route=%2Fwp%2Fv2%2Fmedia&parent=2215"}],"wp:term":[{"taxonomy":"category","embeddable":true,"href":"https:\/\/www.reijoliinamaa.fi\/index.php?rest_route=%2Fwp%2Fv2%2Fcategories&post=2215"},{"taxonomy":"post_tag","embeddable":true,"href":"https:\/\/www.reijoliinamaa.fi\/index.php?rest_route=%2Fwp%2Fv2%2Ftags&post=2215"}],"curies":[{"name":"wp","href":"https:\/\/api.w.org\/{rel}","templated":true}]}}