{"id":2186,"date":"2022-10-08T04:54:07","date_gmt":"2022-10-08T04:54:07","guid":{"rendered":"http:\/\/www.rexmusic.fi\/blog\/?p=2186"},"modified":"2022-10-08T04:58:40","modified_gmt":"2022-10-08T04:58:40","slug":"iltalehti-ja-sen-koirapilli","status":"publish","type":"post","link":"https:\/\/www.reijoliinamaa.fi\/?p=2186","title":{"rendered":"Iltalehti ja sen koirapilli"},"content":{"rendered":"\n<p><strong>P\u00e4\u00e4ministeri Sanna Marin<\/strong> sanoi EU:n huippukokouksessa <a href=\"https:\/\/yle.fi\/uutiset\/3-12652911\" target=\"_blank\" rel=\"noreferrer noopener\">eilen<\/a> selkokielell\u00e4, miten Ukrainan konflikti loppuu.&nbsp;H\u00e4nen kommenttinsa <em>&#8221;ainoa ulosp\u00e4\u00e4sy konfliktista on se, ett\u00e4 Ven\u00e4j\u00e4 poistuu Ukrainasta&#8221;<\/em> levisi nopeasti <a href=\"https:\/\/twitter.com\/RikhardHusu\/status\/1578308226709590017\" target=\"_blank\" rel=\"noreferrer noopener\">Twitteriss\u00e4<\/a>.<\/p>\n\n\n\n<p>Kommentti oli johdonmukainen, tosi ja ajankohtainen.<br>Mutta tekee tai sanoo h\u00e4n mit\u00e4 tahansa, v\u00e4hint\u00e4\u00e4nkin <strong>Iltalehti<\/strong> l\u00f6yt\u00e4\u00e4 siihen <a href=\"https:\/\/www.facebook.com\/Iltalehti.fi\/posts\/pfbid06g5Vnsy8vCvRSWWBY4Pi4HZKgheJHoXoFL2sMsK63APyfqEFy8BRLrU5yPd29UJvl\" data-type=\"URL\" data-id=\"https:\/\/www.facebook.com\/Iltalehti.fi\/posts\/pfbid06g5Vnsy8vCvRSWWBY4Pi4HZKgheJHoXoFL2sMsK63APyfqEFy8BRLrU5yPd29UJvl\" target=\"_blank\" rel=\"noreferrer noopener\">negatiivisen kulman<\/a>.\u00a0<br>Sen j\u00e4lkeen lehden koirapilliin reagoimaan opetettu kommenttikaaderi aloittaa kollotuksensa.<\/p>\n\n\n\n<p><strong>T\u00e4h\u00e4n<\/strong> Iltalehti l\u00f6ysi Perttu Kauppisen rustaamaan p\u00e4\u00e4kirjoitukseensa p\u00e4\u00e4ministerin tokaisusta ulkoasianministeri\u00f6t\u00e4 \u201dpelottavan\u201d s\u00e4vyn vihjaillen p\u00e4\u00e4ministerin n\u00e4in vaikeuttavan ulkosuhteitamme.<br>P\u00e4\u00e4kirjoituksen kommenteihin ilmestyikin solvauksia <em>\u2019sotahullusta ja jauhoista\u2019<\/em>.&nbsp;<br>T\u00e4m\u00e4k\u00f6 on hinta uutismediamme sananvapaudesta?<\/p>\n\n\n\n<p><strong>Iltalehti &amp; Co<\/strong> on nyt jo nelj\u00e4tt\u00e4 vuotta jatkuneella Sanna Marinin sanomisten ja tekemisten negatiivisella kehyst\u00e4misell\u00e4 luonut tilanteen, jossa osa yleis\u00f6st\u00e4 vet\u00e4\u00e4 solvausvaihteen p\u00e4\u00e4lle heti kun n\u00e4kee nimen otsikossa.<br>Yleis\u00f6n ehdollistaminen reagoimaan halutulla tavalla ei psykologisesti edes ole kovin vaikeaa, kun k\u00e4ytett\u00e4viss\u00e4 on [Iltalehden oman ilmoituksen mukaan] l\u00e4hes 2,5 -miljoonainen p\u00e4ivitt\u00e4inen yleis\u00f6. L\u00e4hes meemeiksi somekommenteissa muuttuneet &#8217;jauhonokka, kassaneiti, bile-Sanna&#8217; jne ovat t\u00e4m\u00e4n tietoisen negatiivisen kirjoittelun tulosta.<\/p>\n\n\n\n<p><strong>Onko t\u00e4m\u00e4 journalismin etiikan mukaista<\/strong>?<br>Sit\u00e4 arvioi median k\u00e4yt\u00e4nn\u00f6ss\u00e4 itse kasaama elin, JSN.<br>Sen pit\u00e4isi pikapuoliin ilmoittaa ratkasunsa Iltalehden,<strong> Iltasanomien, Ylen<\/strong> ja <strong>Hesarin<\/strong> viimeisimm\u00e4st\u00e4 jauhovaleuutisoinnista tehtyihin lukuisiin kanteluihin.<\/p>\n\n\n\n<p>Se, ett\u00e4 Iltalehden kommentteihin kohu j\u00e4tti pysyv\u00e4n j\u00e4ljen niin, ett\u00e4 p\u00e4\u00e4ministerin nimi liitet\u00e4\u00e4n jokaisessa h\u00e4nt\u00e4 k\u00e4sittelev\u00e4ss\u00e4 kommenttihaarassa huumeisiin, ei mielest\u00e4ni en\u00e4\u00e4 ole edes JSN\u2019lle kuuluva juttu vaan selke\u00e4 rikosasia.<\/p>\n","protected":false},"excerpt":{"rendered":"<p>P\u00e4\u00e4ministeri Sanna Marin sanoi EU:n huippukokouksessa eilen selkokielell\u00e4, miten Ukrainan konflikti loppuu.&nbsp;H\u00e4nen kommenttinsa &#8221;ainoa ulosp\u00e4\u00e4sy konfliktista on se, ett\u00e4 Ven\u00e4j\u00e4 poistuu Ukrainasta&#8221; levisi nopeasti Twitteriss\u00e4. Kommentti oli johdonmukainen, tosi ja ajankohtainen.Mutta tekee tai sanoo h\u00e4n mit\u00e4 tahansa, v\u00e4hint\u00e4\u00e4nkin Iltalehti l\u00f6yt\u00e4\u00e4 &hellip; <a href=\"https:\/\/www.reijoliinamaa.fi\/?p=2186\">Lue loppuun <span class=\"meta-nav\">&rarr;<\/span><\/a><\/p>\n","protected":false},"author":1,"featured_media":0,"comment_status":"open","ping_status":"open","sticky":false,"template":"","format":"standard","meta":{"footnotes":""},"categories":[1],"tags":[274,275,270,272,273,277,276,278],"class_list":["post-2186","post","type-post","status-publish","format-standard","hentry","category-yleinen","tag-bile-sanna","tag-ehdollistaminen","tag-iltalehti","tag-jauhonokka","tag-kassaneiti","tag-koirapilli","tag-pavlovin-koirat","tag-perttu-kauppinen"],"_links":{"self":[{"href":"https:\/\/www.reijoliinamaa.fi\/index.php?rest_route=\/wp\/v2\/posts\/2186","targetHints":{"allow":["GET"]}}],"collection":[{"href":"https:\/\/www.reijoliinamaa.fi\/index.php?rest_route=\/wp\/v2\/posts"}],"about":[{"href":"https:\/\/www.reijoliinamaa.fi\/index.php?rest_route=\/wp\/v2\/types\/post"}],"author":[{"embeddable":true,"href":"https:\/\/www.reijoliinamaa.fi\/index.php?rest_route=\/wp\/v2\/users\/1"}],"replies":[{"embeddable":true,"href":"https:\/\/www.reijoliinamaa.fi\/index.php?rest_route=%2Fwp%2Fv2%2Fcomments&post=2186"}],"version-history":[{"count":3,"href":"https:\/\/www.reijoliinamaa.fi\/index.php?rest_route=\/wp\/v2\/posts\/2186\/revisions"}],"predecessor-version":[{"id":2189,"href":"https:\/\/www.reijoliinamaa.fi\/index.php?rest_route=\/wp\/v2\/posts\/2186\/revisions\/2189"}],"wp:attachment":[{"href":"https:\/\/www.reijoliinamaa.fi\/index.php?rest_route=%2Fwp%2Fv2%2Fmedia&parent=2186"}],"wp:term":[{"taxonomy":"category","embeddable":true,"href":"https:\/\/www.reijoliinamaa.fi\/index.php?rest_route=%2Fwp%2Fv2%2Fcategories&post=2186"},{"taxonomy":"post_tag","embeddable":true,"href":"https:\/\/www.reijoliinamaa.fi\/index.php?rest_route=%2Fwp%2Fv2%2Ftags&post=2186"}],"curies":[{"name":"wp","href":"https:\/\/api.w.org\/{rel}","templated":true}]}}