{"id":2158,"date":"2021-12-30T04:02:43","date_gmt":"2021-12-30T04:02:43","guid":{"rendered":"http:\/\/www.rexmusic.fi\/blog\/?p=2158"},"modified":"2021-12-30T04:02:43","modified_gmt":"2021-12-30T04:02:43","slug":"kun-journalisti-antaa-ymmartaa-poistan-kynastani-varmistimen","status":"publish","type":"post","link":"https:\/\/www.reijoliinamaa.fi\/?p=2158","title":{"rendered":"Kun journalisti &#8217;antaa ymm\u00e4rt\u00e4\u00e4&#8217;, poistan kyn\u00e4st\u00e4ni varmistimen&#8230;"},"content":{"rendered":"\n<p>Keskustelu ministeri <strong>Timo Harakan<\/strong> domain -kaupasta valottaa hyvin sit\u00e4 uutisoinnin agendaa, jota voi selvent\u00e4\u00e4 k\u00e4sitteen \u201dantaa ymm\u00e4rt\u00e4\u00e4\u201d avulla.<\/p>\n\n\n\n<p>Harakan domain -kaupasta eiv\u00e4t oikeusoppineet ole l\u00f6yt\u00e4neet mit\u00e4\u00e4n juridista ongelmaa. Mutta koska joillakin poliittisilla tahoilla on vahva pyrky siit\u00e4 sellainen l\u00f6yt\u00e4\u00e4, oli k\u00e4\u00e4ritt\u00e4v\u00e4 hihat ja ryhdytt\u00e4v\u00e4 t\u00f6ihin.<\/p>\n\n\n\n<p>Niinp\u00e4 <strong>Helsingin Sanomat<\/strong> otsikoi p\u00e4\u00e4kirjoituksensa 20.21 n\u00e4in: <br>\u201d<strong>LIIKENNE- JA VIESTINT\u00c4MINISTERI<\/strong> Timo Harakan (sd) p\u00e4\u00e4lle on langennut ik\u00e4v\u00e4 <em>varjo.\u201d<\/em><br>\u2019Varjo\u2019 sanaa voitiin k\u00e4ytt\u00e4\u00e4, koska sit\u00e4 ei l\u00f6ydy rikoslaista eik\u00e4 ministerivastuulaista.<\/p>\n\n\n\n<p>Lehti jatkaa varjonyrkkeily\u00e4:<br><em>\u201dMinisterin kohdalla jo pelkk\u00e4 kauppojen salaisuus on ongelma, vaikka asioiden salaaminen onkin liike-el\u00e4m\u00e4ss\u00e4 tavanomaista\u201d.<\/em><\/p>\n\n\n\n<p>Lehti siis pit\u00e4\u00e4 kaupan yksityiskohtien kertomatta j\u00e4tt\u00e4mist\u00e4 ongelmana, vaikka samassa lauseessa toteaa sen olevan liike-el\u00e4m\u00e4ss\u00e4 &#8217;tavanomaista&#8217;. <br>Alaan perehtyneet tiet\u00e4v\u00e4t sen olevan k\u00e4yt\u00e4nt\u00f6, josta poiketaan vain harvoin.<\/p>\n\n\n\n<p><strong>Koska ongelma siis ei ole juridinen, niin, mik\u00e4 se sitten on?<\/strong><br><br>Palataan alun &#8217;antaa ymm\u00e4rt\u00e4\u00e4&#8217; -teemaan. <br>Uutisointia liiketoimintana harjoittavia tahoja on vallanjako-opi mukaisesti kutsuttu nelj\u00e4nneksi valtiomahdiksi. <br>Sen teht\u00e4v\u00e4 on politiikan saralla aiemmin ollut vain raportoida kansalaisille p\u00e4\u00e4t\u00f6ksist\u00e4.<\/p>\n\n\n\n<p>Pikkuhiljaa pelkk\u00e4 raportointi on lakannut riitt\u00e4m\u00e4st\u00e4, ja toimialan piiriss\u00e4 vahvistui halu vaikuttaa enemm\u00e4n p\u00e4\u00e4t\u00f6ksentekoon. <br>Koska kansalaisten mielipiteet muodostuvat sen tiedon pohjalta mik\u00e4 on saatavilla, vaikutetaan siihen mink\u00e4 v\u00e4risess\u00e4 paketissa tieto &#8217;annetaan ymm\u00e4rrett\u00e4v\u00e4ksi&#8217;.<\/p>\n\n\n\n<p>N\u00e4in on p\u00e4\u00e4dytty tilanteeseen, jossa poliittinen uutisointi ei juurikaan avaa kansalaisille hallituksen lakiesityksi\u00e4, vaan keskittyy yksitt\u00e4isten poliitikoiden tekemisten retosteluun, joko kielteisess\u00e4, neutraalissa tai my\u00f6nteisess\u00e4 valossa.<\/p>\n\n\n\n<p><strong>T\u00e4ll\u00e4 strategialla<\/strong> nelj\u00e4s valtiomahti siis hivuttaa vaikutusvaltaansa l\u00e4hemm\u00e4ksi vallank\u00e4yt\u00f6n ydinalueita. Osana markkinataloutta ja sen lainalaisuuksia kaupallinen lehdist\u00f6 verkkoversioineen identifioituu poliittisen talousoikeiston tavoitteisiin, ja siksi sen etujen n\u00e4k\u00f6kulmasta nykyinen hallituspohja on kovin ep\u00e4toivottu.<br>Eik\u00e4 se ole kuluneen parin vuoden aikana j\u00e4\u00e4nyt medialukutaitoisilta kansalaisilta havaitsematta.<\/p>\n","protected":false},"excerpt":{"rendered":"<p>Keskustelu ministeri Timo Harakan domain -kaupasta valottaa hyvin sit\u00e4 uutisoinnin agendaa, jota voi selvent\u00e4\u00e4 k\u00e4sitteen \u201dantaa ymm\u00e4rt\u00e4\u00e4\u201d avulla. Harakan domain -kaupasta eiv\u00e4t oikeusoppineet ole l\u00f6yt\u00e4neet mit\u00e4\u00e4n juridista ongelmaa. Mutta koska joillakin poliittisilla tahoilla on vahva pyrky siit\u00e4 sellainen l\u00f6yt\u00e4\u00e4, oli &hellip; <a href=\"https:\/\/www.reijoliinamaa.fi\/?p=2158\">Lue loppuun <span class=\"meta-nav\">&rarr;<\/span><\/a><\/p>\n","protected":false},"author":1,"featured_media":0,"comment_status":"open","ping_status":"open","sticky":false,"template":"","format":"standard","meta":{"footnotes":""},"categories":[1],"tags":[258,256,17,257,255],"class_list":["post-2158","post","type-post","status-publish","format-standard","hentry","category-yleinen","tag-antaa-ymmartaa","tag-domain","tag-media","tag-meta","tag-timo-harakka"],"_links":{"self":[{"href":"https:\/\/www.reijoliinamaa.fi\/index.php?rest_route=\/wp\/v2\/posts\/2158","targetHints":{"allow":["GET"]}}],"collection":[{"href":"https:\/\/www.reijoliinamaa.fi\/index.php?rest_route=\/wp\/v2\/posts"}],"about":[{"href":"https:\/\/www.reijoliinamaa.fi\/index.php?rest_route=\/wp\/v2\/types\/post"}],"author":[{"embeddable":true,"href":"https:\/\/www.reijoliinamaa.fi\/index.php?rest_route=\/wp\/v2\/users\/1"}],"replies":[{"embeddable":true,"href":"https:\/\/www.reijoliinamaa.fi\/index.php?rest_route=%2Fwp%2Fv2%2Fcomments&post=2158"}],"version-history":[{"count":1,"href":"https:\/\/www.reijoliinamaa.fi\/index.php?rest_route=\/wp\/v2\/posts\/2158\/revisions"}],"predecessor-version":[{"id":2159,"href":"https:\/\/www.reijoliinamaa.fi\/index.php?rest_route=\/wp\/v2\/posts\/2158\/revisions\/2159"}],"wp:attachment":[{"href":"https:\/\/www.reijoliinamaa.fi\/index.php?rest_route=%2Fwp%2Fv2%2Fmedia&parent=2158"}],"wp:term":[{"taxonomy":"category","embeddable":true,"href":"https:\/\/www.reijoliinamaa.fi\/index.php?rest_route=%2Fwp%2Fv2%2Fcategories&post=2158"},{"taxonomy":"post_tag","embeddable":true,"href":"https:\/\/www.reijoliinamaa.fi\/index.php?rest_route=%2Fwp%2Fv2%2Ftags&post=2158"}],"curies":[{"name":"wp","href":"https:\/\/api.w.org\/{rel}","templated":true}]}}