{"id":21,"date":"2008-06-01T08:38:12","date_gmt":"2008-06-01T05:38:12","guid":{"rendered":"http:\/\/rexmusic.fi\/blogi\/?p=21"},"modified":"2008-06-01T08:38:12","modified_gmt":"2008-06-01T05:38:12","slug":"presidenttiko-vallattomaksi","status":"publish","type":"post","link":"https:\/\/www.reijoliinamaa.fi\/?p=21","title":{"rendered":"Presidenttik\u00f6 vallattomaksi?"},"content":{"rendered":"<p><strong>&#8221;Presidentilt\u00e4 on riisuttava kaikki ulkopoliittinen valta&#8221;<\/strong>\u00a0kuuluu vieraskyn\u00e4ilij\u00e4n, valtio-opin professori Tapio Raunion\u00a0kirjoittaman artikkelin otsikko Hesarissa 31.5.2008.<br \/>\nT\u00e4m\u00e4 on jo toinen kerta viikon sis\u00e4ll\u00e4, kun Hesari julkaisee p\u00e4\u00e4kirjoitussivullaan presidentin vallan kaventamista puoltavan kolumnin. Lehden oma p\u00e4\u00e4kirjoitustoimittaja Erkki Pennanen kirjoitti samansis\u00e4lt\u00f6isesti &#8221;Merkint\u00f6j\u00e4&#8221; -palstalla 22.5.<br \/>\nOlisi todella mukava tiet\u00e4\u00e4, mit\u00e4 motiiveja itse\u00e4\u00e4n &#8221;poliittisesti riippumattomaksi&#8221; kutsuvalla lehdell\u00e4 t\u00e4ss\u00e4 asiassa on. Hesari ei ole ko. kysymyksess\u00e4 riippumattomuutta n\u00e4hnytk\u00e4\u00e4n.<br \/>\nMielest\u00e4ni presidentin vallan kaventaminen on (ainakin) kaksitahoinen kysymys.<\/p>\n<p>Suomen korkeimman p\u00e4\u00e4t\u00f6ksenteon reivaaminen parlamentaariseen suuntaan on periaatteessa OK. Ajatellaanpa vaikkapa sit\u00e4 mahdollisuutta, ett\u00e4 meid\u00e4n vaalij\u00e4rjestelm\u00e4st\u00e4mme voisi putkahtaa presidentiksi <strong>G.W.Bushin<\/strong>\u00a0\u00e4lyll\u00e4, viisaudella ja arvoilla varustettu pressa. Ket\u00e4\u00e4n meist\u00e4 ei naurattaisi.\u00a0 Johtop\u00e4\u00e4t\u00f6s: V\u00e4hent\u00e4k\u00e4\u00e4 pressan valtaa!<br \/>\n<strong>On ilmeist\u00e4<\/strong>, ett\u00e4 (ulkopoliittisen) vallan siirt\u00e4minen presidentilt\u00e4 hallitukselle kiihottaa poliittisia puolueita suunnattomasti. N\u00e4in lis\u00e4\u00e4ntyv\u00e4 eduskunnan ja hallituksen valta\u00a0aiheuttaa\u00a0ministeri- ja valiokuntakandidaattien keskuudessa vallan voimakkaita viboja.<br \/>\n<strong>Jostakin kumman syyst\u00e4<\/strong> puolueet eiv\u00e4t kuitenkaan tule (ujouttaanko?) yleens\u00e4 koskaan maininneeksi, ett\u00e4 niille j\u00e4senmaksua maksavia j\u00e4seni\u00e4 on koko Suomen aikuisv\u00e4est\u00f6st\u00e4 vain vajaa prosentti.\u00a0 Ja ainoastaan maksavilla j\u00e4senill\u00e4 on\u00a0edes teoreettinen mahdollisuus vaikuttaa ministerivalintoihin ja olla jakamassa valiokuntapaikkoja . Minusta t\u00e4ss\u00e4 on\u00a0ammoittava demokratiavaje.<br \/>\nPresidentin valtaa ei pit\u00e4isi sorkkia ainakaan ennenkuin on varmistettu sellainen vaalik\u00e4yt\u00e4nt\u00f6, joka takaa \u00e4\u00e4nest\u00e4j\u00e4lle suoran vaikuttamisen mahdollisuuden my\u00f6s maan korkeinta poliittista valtaa k\u00e4ytt\u00e4v\u00e4n henkil\u00f6n valinnassa.<br \/>\n<strong>Kansahan ei nyt voi \u00e4\u00e4nest\u00e4\u00e4 p\u00e4\u00e4ministeri\u00e4<\/strong>, jolle presidentilt\u00e4 riisuttava valta p\u00e4\u00e4asiassa siirtyisi. P\u00e4\u00e4ministeriksi\u00a0nousee yleens\u00e4 vaalit voittaneen suurimman puolueen puheenjohtaja. Ja h\u00e4net taas on valittu teht\u00e4v\u00e4\u00e4ns\u00e4 puoluekokouksessa ehk\u00e4 sadalla, ehk\u00e4 parilla sadalla \u00e4\u00e4nell\u00e4.\u00a0<strong>Kaikkia \u00e4\u00e4nivaltaisia suomalaisia ajatellen\u00a0siit\u00e4 valinnasta on demokratia kaukana.<\/strong><\/p>\n","protected":false},"excerpt":{"rendered":"<p>&#8221;Presidentilt\u00e4 on riisuttava kaikki ulkopoliittinen valta&#8221;\u00a0kuuluu vieraskyn\u00e4ilij\u00e4n, valtio-opin professori Tapio Raunion\u00a0kirjoittaman artikkelin otsikko Hesarissa 31.5.2008. T\u00e4m\u00e4 on jo toinen kerta viikon sis\u00e4ll\u00e4, kun Hesari julkaisee p\u00e4\u00e4kirjoitussivullaan presidentin vallan kaventamista puoltavan kolumnin. Lehden oma p\u00e4\u00e4kirjoitustoimittaja Erkki Pennanen kirjoitti samansis\u00e4lt\u00f6isesti &#8221;Merkint\u00f6j\u00e4&#8221; -palstalla &hellip; <a href=\"https:\/\/www.reijoliinamaa.fi\/?p=21\">Lue loppuun <span class=\"meta-nav\">&rarr;<\/span><\/a><\/p>\n","protected":false},"author":2,"featured_media":0,"comment_status":"open","ping_status":"open","sticky":false,"template":"","format":"standard","meta":{"footnotes":""},"categories":[1],"tags":[],"class_list":["post-21","post","type-post","status-publish","format-standard","hentry","category-yleinen"],"_links":{"self":[{"href":"https:\/\/www.reijoliinamaa.fi\/index.php?rest_route=\/wp\/v2\/posts\/21","targetHints":{"allow":["GET"]}}],"collection":[{"href":"https:\/\/www.reijoliinamaa.fi\/index.php?rest_route=\/wp\/v2\/posts"}],"about":[{"href":"https:\/\/www.reijoliinamaa.fi\/index.php?rest_route=\/wp\/v2\/types\/post"}],"author":[{"embeddable":true,"href":"https:\/\/www.reijoliinamaa.fi\/index.php?rest_route=\/wp\/v2\/users\/2"}],"replies":[{"embeddable":true,"href":"https:\/\/www.reijoliinamaa.fi\/index.php?rest_route=%2Fwp%2Fv2%2Fcomments&post=21"}],"version-history":[{"count":0,"href":"https:\/\/www.reijoliinamaa.fi\/index.php?rest_route=\/wp\/v2\/posts\/21\/revisions"}],"wp:attachment":[{"href":"https:\/\/www.reijoliinamaa.fi\/index.php?rest_route=%2Fwp%2Fv2%2Fmedia&parent=21"}],"wp:term":[{"taxonomy":"category","embeddable":true,"href":"https:\/\/www.reijoliinamaa.fi\/index.php?rest_route=%2Fwp%2Fv2%2Fcategories&post=21"},{"taxonomy":"post_tag","embeddable":true,"href":"https:\/\/www.reijoliinamaa.fi\/index.php?rest_route=%2Fwp%2Fv2%2Ftags&post=21"}],"curies":[{"name":"wp","href":"https:\/\/api.w.org\/{rel}","templated":true}]}}