{"id":166,"date":"2012-02-12T09:12:20","date_gmt":"2012-02-12T09:12:20","guid":{"rendered":"http:\/\/www.rexmusic.fi\/blog\/?p=166"},"modified":"2018-07-20T08:07:19","modified_gmt":"2018-07-20T08:07:19","slug":"166","status":"publish","type":"post","link":"https:\/\/www.reijoliinamaa.fi\/?p=166","title":{"rendered":"HS on Bj\u00f6rn Wahlroosin aatteille kotoisa ymp\u00e4rist\u00f6"},"content":{"rendered":"<p><strong>Bj\u00f6rn Wahlroosin<\/strong> haastattelu Hesarissa (120212) on aina odotettu tapaus. Nyt lehti julkaisee yhdest\u00e4 ja samasta haastattelumateriaalista 3 eri editointia. Paperilehdess\u00e4 juttu otsikoidaan:<strong> &#8221;Bj\u00f6rn Wahlroos suomii Halosta&#8221;<\/strong>, Digilehdess\u00e4 otsikoksi on nostettu trendik\u00e4s\u00a0<strong>&#8221;Kapitalistin muotokuva&#8221;<\/strong> ja lehden nettisivustolla haastateltavan otsikkositeeraus kuuluu: <strong>&#8221;Suomalainen yhteiskunta kannustaa syrj\u00e4ytym\u00e4\u00e4n&#8221;<\/strong>.<\/p>\n<p><strong>Tasavallan presidentti Tarja Halosta<\/strong> k\u00e4sitelless\u00e4\u00e4n otsikkotoimittaja on katsonut hyv\u00e4ksi j\u00e4tt\u00e4\u00e4 pois esittelysanat &#8221;Tasavallan&#8221; ja &#8221;presidentti&#8221;, viel\u00e4p\u00e4 etunimenkin. Kyseess\u00e4 voisi siis olla kuka tahansa halonen. T\u00e4m\u00e4 v\u00e4h\u00e4ttelev\u00e4 journalistinen arvovalintavaikuttaminen on linjassa t\u00e4m\u00e4n sitoutumattomaksi itse\u00e4\u00e4n kutsuvan lehden aiemman istuvaa presidentti\u00e4 k\u00e4sittelev\u00e4n linjan kanssa. Tulee olemaan mielenkiintoista n\u00e4hd\u00e4, mink\u00e4 puhuttelulinjan lehti valitsee tulevan presidentin, Sauli Niinist\u00f6n varalle.<\/p>\n<p>Wahlroos on havainnut toisen virkakautensa pian p\u00e4\u00e4tt\u00e4v\u00e4n presidentin lis\u00e4nneen vastakkainasettelua. <strong>&#8221;Halosen kaudella presidentti-instituutio on k\u00e4rsinyt. En sano, ett\u00e4 h\u00e4n on ollut sopimaton presidentti, vaan ett\u00e4 h\u00e4nen poliittinen linjansa ja asemoitumisensa on ollut toinen kuin eduskuntavaaleissa on ollut kansan tahto.&#8221;<\/strong><em><strong><br \/>\n<\/strong><\/em>Vihjaako Wahlroos t\u00e4ss\u00e4, ett\u00e4 tasavallan presidentin tulisi muuttaa <strong>&#8221;poliittista linjaansa ja asemoitumistaan&#8221;<\/strong> virkakautensa aikana pidett\u00e4vien eduskuntavaalien tulosten mukaan? Mik\u00e4li tulkintani on oikea, niin se olisi jotakin aivan uutta suomalaisessa demokratiassa. Mit\u00e4h\u00e4n t\u00e4m\u00e4n periaatteen noudattaminen tarkoittaisi k\u00e4\u00e4nnettyn\u00e4. Pit\u00e4isik\u00f6 eduskunnankin tarkistaa\u00a0<strong>&#8221;poliittista linjaansa ja asemoitumistaan&#8221; <\/strong>presidentinvaalien tulosten perusteella? Niinist\u00f6n 65 % olisi kokoomuksen eduskuntapaikoiksi muutettuna 140! Talousasioissa johdonmukaisen Wahlroosin logiikka nilkuttaa hieman h\u00e4nen ryhtyess\u00e4\u00e4n poliittiseksi kommentaattoriksi.<\/p>\n<p><strong>Syrj\u00e4ytymiskommentissa<\/strong> on kyll\u00e4 jotakin pohtimisen arvoista, niin poliittisesti tulenarka kun otsikointi onkin. Kannustaako suomalainen yhteiskunta syrj\u00e4ytym\u00e4\u00e4n? Ajatellaanpa monista julkisista laitoksista vaikkapa\u00a0<strong>Kelaa.<\/strong> Laitokseen on ikiaikaisesti valittu johtajat ja kaiketi suuri osa ty\u00f6ntekij\u00f6ist\u00e4kin poliittisin perustein. P\u00e4tevimm\u00e4t eiv\u00e4t v\u00e4ltt\u00e4m\u00e4tt\u00e4 tule valituiksi, joten kansalaiset saavat verorahoillaan kakkoslaadun hallintoa. Politiikasta johtaville paikoille ponnahtaneilla ei yleens\u00e4 ole suuria intohimoja tehd\u00e4 mit\u00e4\u00e4n radikaaleja j\u00e4rkeistyksi\u00e4 organisaatioissa. P\u00e4invastoin, tehd\u00e4\u00e4n pikkupaikkailua, joka sopivasti h\u00e4mment\u00e4\u00e4 ja lis\u00e4\u00e4 tarvetta palkata poliittisesti sopivaa henkil\u00f6st\u00f6\u00e4 vastuualueiltaan ennest\u00e4\u00e4n sekavaan organisaatioon.<br \/>\nKelan lomakkeiden kapulakieli on ollut esill\u00e4 usein. Eik\u00f6s taloon hankittu er\u00e4\u00e4nlainen suomesta-suomeen -k\u00e4\u00e4nt\u00e4j\u00e4kin, jotta lomakkeiden salat selvi\u00e4isiv\u00e4t asiakkaille? Ja Suomen koululaitos on sent\u00e4\u00e4n kansainv\u00e4lisesti palkittu opetuksen laadusta!<br \/>\nJos siis nuori ty\u00f6ik\u00e4inen kerran onnistuu tunkeutumaan byrokratian l\u00e4pi Kelan asiakkaaksi, ei siit\u00e4 ihan heti halua luopua. J\u00e4rjestelm\u00e4 siis ainakin kannustaa pysym\u00e4\u00e4n asiakkaana.<\/p>\n<p>Ajatus siit\u00e4, ett\u00e4 nk. huonommista hommista kielt\u00e4ytyminen voisi erityisesti nuorten kohdalla johtaa joidenkin etuuksien karsiutumiseen, on pohtimisen arvoinen. Kun itse aikoinaan ensimm\u00e4isi\u00e4 kes\u00e4ty\u00f6paikkoja ryhdyin etsim\u00e4\u00e4n, ei tarjotusta ty\u00f6st\u00e4 kielt\u00e4ytyj\u00e4lle olisi juurikaan ymm\u00e4rryst\u00e4 herunut. Nyt tuntuu, ett\u00e4 systeemi ymm\u00e4rt\u00e4\u00e4 kielt\u00e4ytymist\u00e4 turhankin hyvin.<\/p>\n","protected":false},"excerpt":{"rendered":"<p>Bj\u00f6rn Wahlroosin haastattelu Hesarissa (120212) on aina odotettu tapaus. Nyt lehti julkaisee yhdest\u00e4 ja samasta haastattelumateriaalista 3 eri editointia. Paperilehdess\u00e4 juttu otsikoidaan: &#8221;Bj\u00f6rn Wahlroos suomii Halosta&#8221;, Digilehdess\u00e4 otsikoksi on nostettu trendik\u00e4s\u00a0&#8221;Kapitalistin muotokuva&#8221; ja lehden nettisivustolla haastateltavan otsikkositeeraus kuuluu: &#8221;Suomalainen yhteiskunta &hellip; <a href=\"https:\/\/www.reijoliinamaa.fi\/?p=166\">Lue loppuun <span class=\"meta-nav\">&rarr;<\/span><\/a><\/p>\n","protected":false},"author":1,"featured_media":0,"comment_status":"open","ping_status":"open","sticky":false,"template":"","format":"standard","meta":{"footnotes":""},"categories":[177,175,9],"tags":[21,19,23,22,20,24],"class_list":["post-166","post","type-post","status-publish","format-standard","hentry","category-kotimaa","category-media","category-talous","tag-arvovalintavaikuttaminen","tag-bjorn-wahlroos","tag-kannustinloukku","tag-kela","tag-syrjaytyminen","tag-tarja-halonen"],"_links":{"self":[{"href":"https:\/\/www.reijoliinamaa.fi\/index.php?rest_route=\/wp\/v2\/posts\/166","targetHints":{"allow":["GET"]}}],"collection":[{"href":"https:\/\/www.reijoliinamaa.fi\/index.php?rest_route=\/wp\/v2\/posts"}],"about":[{"href":"https:\/\/www.reijoliinamaa.fi\/index.php?rest_route=\/wp\/v2\/types\/post"}],"author":[{"embeddable":true,"href":"https:\/\/www.reijoliinamaa.fi\/index.php?rest_route=\/wp\/v2\/users\/1"}],"replies":[{"embeddable":true,"href":"https:\/\/www.reijoliinamaa.fi\/index.php?rest_route=%2Fwp%2Fv2%2Fcomments&post=166"}],"version-history":[{"count":7,"href":"https:\/\/www.reijoliinamaa.fi\/index.php?rest_route=\/wp\/v2\/posts\/166\/revisions"}],"predecessor-version":[{"id":814,"href":"https:\/\/www.reijoliinamaa.fi\/index.php?rest_route=\/wp\/v2\/posts\/166\/revisions\/814"}],"wp:attachment":[{"href":"https:\/\/www.reijoliinamaa.fi\/index.php?rest_route=%2Fwp%2Fv2%2Fmedia&parent=166"}],"wp:term":[{"taxonomy":"category","embeddable":true,"href":"https:\/\/www.reijoliinamaa.fi\/index.php?rest_route=%2Fwp%2Fv2%2Fcategories&post=166"},{"taxonomy":"post_tag","embeddable":true,"href":"https:\/\/www.reijoliinamaa.fi\/index.php?rest_route=%2Fwp%2Fv2%2Ftags&post=166"}],"curies":[{"name":"wp","href":"https:\/\/api.w.org\/{rel}","templated":true}]}}