{"id":1106,"date":"2021-01-14T06:56:43","date_gmt":"2021-01-14T06:56:43","guid":{"rendered":"http:\/\/www.rexmusic.fi\/blog\/?p=1106"},"modified":"2023-02-19T15:34:00","modified_gmt":"2023-02-19T15:34:00","slug":"syoko-demokratia-lapsensa","status":"publish","type":"post","link":"https:\/\/www.reijoliinamaa.fi\/?p=1106","title":{"rendered":"Sy\u00f6k\u00f6 demokratia lapsensa?"},"content":{"rendered":"\n<p><strong>\u201dVallankumous sy\u00f6 lapsensa\u201d<\/strong> -lause tarkoittaa, ett\u00e4 vallan anastamalla saaneet ovat my\u00f6hemmin menett\u00e4neet sek\u00e4 vallan ett\u00e4 yleens\u00e4 my\u00f6s henkens\u00e4.<br>K\u00e4si syd\u00e4melle, <strong>voiko niin k\u00e4yd\u00e4 my\u00f6s demokratialle?<\/strong>\u00a0<br>Merkkej\u00e4 sellaisesta on, vaikka syyt ovatkin toiset.<\/p>\n\n\n\n<figure class=\"wp-block-image size-large\"><img loading=\"lazy\" decoding=\"async\" width=\"934\" height=\"525\" src=\"http:\/\/www.rexmusic.fi\/blog\/wp-content\/uploads\/2021\/01\/Nayttokuva-2021-1-14-kello-8.38.46.png\" alt=\"\" class=\"wp-image-1109\" srcset=\"https:\/\/www.reijoliinamaa.fi\/wp-content\/uploads\/2021\/01\/Nayttokuva-2021-1-14-kello-8.38.46.png 934w, https:\/\/www.reijoliinamaa.fi\/wp-content\/uploads\/2021\/01\/Nayttokuva-2021-1-14-kello-8.38.46-300x169.png 300w, https:\/\/www.reijoliinamaa.fi\/wp-content\/uploads\/2021\/01\/Nayttokuva-2021-1-14-kello-8.38.46-150x84.png 150w, https:\/\/www.reijoliinamaa.fi\/wp-content\/uploads\/2021\/01\/Nayttokuva-2021-1-14-kello-8.38.46-768x432.png 768w\" sizes=\"auto, (max-width: 934px) 100vw, 934px\" \/><\/figure>\n\n\n\n<p><strong>Demokraattiset valtiot<\/strong> perustuvat yksil\u00f6n ja markkinoiden vapaudelle. Kumpiakin vapauksia s\u00e4\u00e4telee iso nippu lakeja.<br>Vapauden rajoina pidet\u00e4\u00e4n tilannetta, jossa oman vapauden m\u00e4\u00e4r\u00e4 alkaa rajoittaa toisten vapautta.<br><strong>Onko yksil\u00f6n vapauden ylikorostaminen<\/strong> syyn\u00e4 demokratian rakoiluun?&nbsp;<\/p>\n\n\n\n<p><strong>Ihmisen geneettinen historia<\/strong> on laumael\u00e4imen historiaa.<br>Laumael\u00e4imen luonnollinen olotila on el\u00e4\u00e4 keskell\u00e4 joukkoa, yhteis\u00f6\u00e4. <br>Pahin rangaistus yksil\u00f6lle onkin sulkeminen yhteis\u00f6n ulkopuolelle.<\/p>\n\n\n\n<p><strong>Yhteis\u00f6llisyyden muuntuminen<\/strong> fyysisest\u00e4 yhdess\u00e4olosta virtuaaliseen <em>alkoi reilut 100 vuotta sitten radion, sitten television my\u00f6t\u00e4<\/em> ja on nyt p\u00e4\u00e4tynyt s\u00e4hk\u00f6isen verkon mahdollistamaan t\u00e4ydelliseen fyysiseen erist\u00e4ytymiseen: Verkossa yksil\u00f6 voi virtuaalisesti olla osana yhteis\u00f6\u00e4<em> ilman laumael\u00e4imen historiaan kuuluvaa fyysist\u00e4 kontaktia, katsekontaktia, \u00e4\u00e4nens\u00e4vyj\u00e4, -painoja, eleit\u00e4, jne.<\/em><\/p>\n\n\n\n<p><strong>Identifioituminen verkkoyhteis\u00f6ihin<\/strong> syntyy puhtaasti semiotiikan keinoin <em>tekstin, hymi\u00f6iden ja meemien kautta v\u00e4littyv\u00e4ll\u00e4 merkkikielell\u00e4<\/em>.&nbsp;<br>T\u00e4m\u00e4 on luonut psykologiansa lukeneille propagandisteille helpon kanavan ihmisten ajattelun hallintaan.<\/p>\n\n\n\n<p><em><strong>Twitterin, Facebookin, Youtuben ja Amazonin<\/strong><\/em> \u00e4skett\u00e4iset p\u00e4\u00e4t\u00f6kset sulkea <strong>USA:n presidentin<\/strong> harjoittama valehtelu ja v\u00e4kivaltaan kiihottaminen ulos kanaviltaan on historiallinen p\u00e4\u00e4t\u00f6s.&nbsp;<br>Kiinnostavan siit\u00e4 tekee se, ett\u00e4 demokraattisin keinoin yhteiskunta tuskin olisi pystynyt samaan.<br><br><strong>Uskalletaanko demokratioissa<\/strong> n\u00e4hd\u00e4 se tosiasia, ett\u00e4 <em>ihminen laskeutui puusta liian v\u00e4h\u00e4n aikaa sitten<\/em> kyet\u00e4kseen sosiaalisen k\u00e4ytt\u00e4ytymisen kontrollissaan korvaamaan fyysisen yhteis\u00f6n puhtaalla virtuaalisella laitteella?<\/p>\n\n\n\n<p><strong>Jos uskalletaan<\/strong>, niin se edellytt\u00e4\u00e4 ett\u00e4 <strong>kaikki verkossa julkaistava materiaali alistetaan faktantarkastukseen<\/strong> ja vastuun siit\u00e4 tulee kuulua alustan omistajalle.&nbsp;<br>Toiminta tulee mitoittaa niin, ett\u00e4 tarkastaminen on realisesti mahdollista.<\/p>\n\n\n\n<p><strong>Muutos on iso.<\/strong> Olemme kuitenkin n\u00e4hneet mik\u00e4 on vaihtoehto: <br><em>Anarkia, joka sy\u00f6 demokratian.<\/em><br>Asiasta p\u00e4\u00e4tt\u00e4minen kuuluu (viel\u00e4 toistaiseksi) demokraattisille yhteiskunnille.<br><br><\/p>\n","protected":false},"excerpt":{"rendered":"<p>\u201dVallankumous sy\u00f6 lapsensa\u201d -lause tarkoittaa, ett\u00e4 vallan anastamalla saaneet ovat my\u00f6hemmin menett\u00e4neet sek\u00e4 vallan ett\u00e4 yleens\u00e4 my\u00f6s henkens\u00e4.K\u00e4si syd\u00e4melle, voiko niin k\u00e4yd\u00e4 my\u00f6s demokratialle?\u00a0Merkkej\u00e4 sellaisesta on, vaikka syyt ovatkin toiset. Demokraattiset valtiot perustuvat yksil\u00f6n ja markkinoiden vapaudelle. Kumpiakin vapauksia s\u00e4\u00e4telee &hellip; <a href=\"https:\/\/www.reijoliinamaa.fi\/?p=1106\">Lue loppuun <span class=\"meta-nav\">&rarr;<\/span><\/a><\/p>\n","protected":false},"author":1,"featured_media":0,"comment_status":"open","ping_status":"open","sticky":false,"template":"","format":"standard","meta":{"footnotes":""},"categories":[177,175,225,10,1],"tags":[246,241,245,192,249,248,247],"class_list":["post-1106","post","type-post","status-publish","format-standard","hentry","category-kotimaa","category-media","category-politiikka","category-ulkomaat","category-yleinen","tag-aivopesu","tag-demokratia","tag-laumaelain","tag-propaganda","tag-paatoksenteko","tag-virtuaaliyhteiso","tag-yhteiso"],"_links":{"self":[{"href":"https:\/\/www.reijoliinamaa.fi\/index.php?rest_route=\/wp\/v2\/posts\/1106","targetHints":{"allow":["GET"]}}],"collection":[{"href":"https:\/\/www.reijoliinamaa.fi\/index.php?rest_route=\/wp\/v2\/posts"}],"about":[{"href":"https:\/\/www.reijoliinamaa.fi\/index.php?rest_route=\/wp\/v2\/types\/post"}],"author":[{"embeddable":true,"href":"https:\/\/www.reijoliinamaa.fi\/index.php?rest_route=\/wp\/v2\/users\/1"}],"replies":[{"embeddable":true,"href":"https:\/\/www.reijoliinamaa.fi\/index.php?rest_route=%2Fwp%2Fv2%2Fcomments&post=1106"}],"version-history":[{"count":3,"href":"https:\/\/www.reijoliinamaa.fi\/index.php?rest_route=\/wp\/v2\/posts\/1106\/revisions"}],"predecessor-version":[{"id":1110,"href":"https:\/\/www.reijoliinamaa.fi\/index.php?rest_route=\/wp\/v2\/posts\/1106\/revisions\/1110"}],"wp:attachment":[{"href":"https:\/\/www.reijoliinamaa.fi\/index.php?rest_route=%2Fwp%2Fv2%2Fmedia&parent=1106"}],"wp:term":[{"taxonomy":"category","embeddable":true,"href":"https:\/\/www.reijoliinamaa.fi\/index.php?rest_route=%2Fwp%2Fv2%2Fcategories&post=1106"},{"taxonomy":"post_tag","embeddable":true,"href":"https:\/\/www.reijoliinamaa.fi\/index.php?rest_route=%2Fwp%2Fv2%2Ftags&post=1106"}],"curies":[{"name":"wp","href":"https:\/\/api.w.org\/{rel}","templated":true}]}}