{"id":1081,"date":"2020-09-12T05:54:24","date_gmt":"2020-09-12T05:54:24","guid":{"rendered":"http:\/\/www.rexmusic.fi\/blog\/?p=1081"},"modified":"2021-02-21T08:10:55","modified_gmt":"2021-02-21T08:10:55","slug":"persut-rysan-paalta","status":"publish","type":"post","link":"https:\/\/www.reijoliinamaa.fi\/?p=1081","title":{"rendered":"PERSUT RYS\u00c4N P\u00c4\u00c4LT\u00c4"},"content":{"rendered":"\n<p>Jostakin syyst\u00e4 hein\u00e4kuussa 2020 kotinsa ovella pahoinpidelty perussuomalainen eduskunta-avustaja <strong>Pekka Kataja<\/strong> antoi pahoinpitelyn j\u00e4lkeen lausunnon, miss\u00e4 kuvaili hakkaajiaan <em>\u201darabialaisen n\u00e4k\u00f6isiksi\u201d<\/em>.&nbsp;<\/p>\n\n\n\n<p>T\u00e4st\u00e4 alkoi tapahtumasarja, joka l\u00e4pivalaisi Perusuomalaisen puolueen poliittisen agitaation valheellisuuden.<br><br>Persumeppi <strong>Laura Huhtasaari<\/strong> kiirehti tuoreeltaan kutsumaan twitteriss\u00e4 tapahtunutta <em>\u201drasistiseksi ja poliittiseksi hy\u00f6kk\u00e4ykseksi\u201d<\/em>.<\/p>\n\n\n\n<p class=\"has-text-align-left\">Puolueen eduskuntaryhm\u00e4n pj <strong>Ville Tavio<\/strong> twiittasi:<br><em>\u201dulkomaalaistaustainen mieskaksikko oli arvaamatta kotiovelle tullen ry\u00f6st\u00e4nyt ja pahoinpidellyt sairaalakuntoon PS:n Keski-Suomen vaalip\u00e4\u00e4llikk\u00f6 Pekka Katajan, jonka tiesiv\u00e4t perussuomalaiseksi\u201d<\/em><\/p>\n\n\n\n<p>Puolueen puheenjohtaja <strong>Jussi Halla-aho<\/strong> ja sihteeri <strong>Simo Gr\u00f6nroos<\/strong>:<br> <em>\u201dYhteen puolueeseen kohdistuva jatkuva demonisointi ja hysterian lietsominen voivat johtaa v\u00e4kivaltaan ja luoda ilmapiiri\u00e4, jossa kyseisen puolueen edustajien koetaan olevan lainsuojattomia ja vapaata riistaa\u201d<\/em><\/p>\n\n\n\n<p>T\u00e4m\u00e4 kaikki siis <strong>ennenkuin<\/strong> tekij\u00e4t nyt on nimi\u00e4 my\u00f6ten paljastettu, nimet julkistettu ja todettu sek\u00e4 supisuomalaisiksi ett\u00e4 oman puolueen l\u00e4hipiiriin kuuluviksi.<br><br><strong>Yksik\u00e4\u00e4n<\/strong> valheita suoltanut tai tuomioita etuk\u00e4teen jakanut perussuomalainen ei ole pahoitellut lausuntojaan, anteeksipyyt\u00e4misest\u00e4 puhumattakaan! <\/p>\n\n\n\n<p>Perusuomalaisella puolueella on Halla-ahon kaudella ollut yhteyksia <strong>viiteen <\/strong>Suomessa toimivaan&nbsp;\u00e4\u00e4rij\u00e4rjest\u00f6\u00f6n: <br><strong><em>Suomen Sisu, Soldiers of Odin, Rajat kiinni -liike ja Suomi ensin -liike.<\/em><\/strong> (HS 20.9.2016).<\/p>\n\n\n\n<p class=\"has-text-align-center\"><strong>R\u00e4hm\u00e4ll\u00e4\u00e4n &#8211; ja rys\u00e4n p\u00e4\u00e4lt\u00e4!<\/strong><\/p>\n","protected":false},"excerpt":{"rendered":"<p>Jostakin syyst\u00e4 hein\u00e4kuussa 2020 kotinsa ovella pahoinpidelty perussuomalainen eduskunta-avustaja Pekka Kataja antoi pahoinpitelyn j\u00e4lkeen lausunnon, miss\u00e4 kuvaili hakkaajiaan \u201darabialaisen n\u00e4k\u00f6isiksi\u201d.&nbsp; T\u00e4st\u00e4 alkoi tapahtumasarja, joka l\u00e4pivalaisi Perusuomalaisen puolueen poliittisen agitaation valheellisuuden. Persumeppi Laura Huhtasaari kiirehti tuoreeltaan kutsumaan twitteriss\u00e4 tapahtunutta \u201drasistiseksi ja &hellip; <a href=\"https:\/\/www.reijoliinamaa.fi\/?p=1081\">Lue loppuun <span class=\"meta-nav\">&rarr;<\/span><\/a><\/p>\n","protected":false},"author":1,"featured_media":0,"comment_status":"open","ping_status":"open","sticky":false,"template":"","format":"standard","meta":{"footnotes":""},"categories":[225,1],"tags":[235,238,237,239,230,234,236],"class_list":["post-1081","post","type-post","status-publish","format-standard","hentry","category-politiikka","category-yleinen","tag-halla-aho","tag-huhtasaari","tag-karttunen","tag-pekka-kataja","tag-persut","tag-retoriikka","tag-torniainen"],"_links":{"self":[{"href":"https:\/\/www.reijoliinamaa.fi\/index.php?rest_route=\/wp\/v2\/posts\/1081","targetHints":{"allow":["GET"]}}],"collection":[{"href":"https:\/\/www.reijoliinamaa.fi\/index.php?rest_route=\/wp\/v2\/posts"}],"about":[{"href":"https:\/\/www.reijoliinamaa.fi\/index.php?rest_route=\/wp\/v2\/types\/post"}],"author":[{"embeddable":true,"href":"https:\/\/www.reijoliinamaa.fi\/index.php?rest_route=\/wp\/v2\/users\/1"}],"replies":[{"embeddable":true,"href":"https:\/\/www.reijoliinamaa.fi\/index.php?rest_route=%2Fwp%2Fv2%2Fcomments&post=1081"}],"version-history":[{"count":7,"href":"https:\/\/www.reijoliinamaa.fi\/index.php?rest_route=\/wp\/v2\/posts\/1081\/revisions"}],"predecessor-version":[{"id":1091,"href":"https:\/\/www.reijoliinamaa.fi\/index.php?rest_route=\/wp\/v2\/posts\/1081\/revisions\/1091"}],"wp:attachment":[{"href":"https:\/\/www.reijoliinamaa.fi\/index.php?rest_route=%2Fwp%2Fv2%2Fmedia&parent=1081"}],"wp:term":[{"taxonomy":"category","embeddable":true,"href":"https:\/\/www.reijoliinamaa.fi\/index.php?rest_route=%2Fwp%2Fv2%2Fcategories&post=1081"},{"taxonomy":"post_tag","embeddable":true,"href":"https:\/\/www.reijoliinamaa.fi\/index.php?rest_route=%2Fwp%2Fv2%2Ftags&post=1081"}],"curies":[{"name":"wp","href":"https:\/\/api.w.org\/{rel}","templated":true}]}}