{"id":1062,"date":"2020-05-24T03:06:31","date_gmt":"2020-05-24T03:06:31","guid":{"rendered":"http:\/\/www.rexmusic.fi\/blog\/?p=1062"},"modified":"2020-05-24T03:06:31","modified_gmt":"2020-05-24T03:06:31","slug":"journalistista-arvovalintavaikuttamista-yle-verolla","status":"publish","type":"post","link":"https:\/\/www.reijoliinamaa.fi\/?p=1062","title":{"rendered":"JOURNALISTISTA ARVOVALINTAVAIKUTTAMISTA YLE-VEROLLA?"},"content":{"rendered":"<div class=\"_2cuy _3dgx _2vxa\"><span class=\"_4yxo\"><strong>En muista<\/strong> aikoihin\u00a0<\/span>n\u00e4hneeni Yle TV1\u2019n uutisl\u00e4hetyksessa yht\u00e4 r\u00e4ike\u00e4\u00e4 puolueellisuuta kuin <strong><span class=\"_4yxo\">Pirjo Auvisen<\/span><\/strong> haastattelema, kokoama ja toimittama yli 6 minuutin pituinen opposition kriittisten koronan\u00e4kemysten esittely <span class=\"_4yxp\">perjantaina 22.5 klo 20.30<\/span>.<\/div>\n<div class=\"_2cuy _3dgx _2vxa\">Kaikkien nelj\u00e4n oppositiopuolueen puheenjohtajat saivat esitt\u00e4\u00e4 perustelemattomat kritiikkins\u00e4 ilman ensimm\u00e4ist\u00e4k\u00e4\u00e4n tarkentavaa kysymyst\u00e4.<\/div>\n<div class=\"_2cuy _3dgx _2vxa\"><span class=\"_4yxo\"><br \/>\n<strong>Jussi Halla-aho<\/strong><\/span> (Ps) syytti hallitusta <em>\u201dsokeasta uskosta THL\u2019\u00e4\u00e4n\u201d<\/em> ja laum<span class=\"text_exposed_show\">aimmuniteetti -strategian soveltamisesta.<\/span><\/div>\n<div class=\"text_exposed_show\">\n<div class=\"_2cuy _3dgx _2vxa\"><span class=\"_4yxo\">Liike-Nyt\u2019in pj <strong>Harkimon<\/strong><\/span> kritiikin v\u00e4\u00e4rin annetusta yritystuesta <span class=\"_4yxp\">toimittaja luki inserttiin varmuuden vuoksi ensin itse<\/span>, ennenkuin antoi Harkimon sanoa asian toistamiseen.<\/div>\n<div class=\"_2cuy _3dgx _2vxa\"><span class=\"_4yxo\"><strong>Pj Petteri Orpo<\/strong> (Kok)<\/span> sai syytt\u00e4\u00e4 hallitusta \u201dmiljardien\u201d summittaisesta syyt\u00e4misest\u00e4 tukiin, ja p\u00e4\u00e4si antamaan moneen kertaan kuullut hyv\u00e4t neuvonsa maskien k\u00e4yt\u00f6n <span class=\"_4yxp\">vahvasta suosittamisesta<\/span>, alueellisten rajoitusten k\u00e4ytt\u00f6\u00f6notosta, testaamisesta jne.<\/div>\n<div class=\"_2cuy _3dgx _2vxa\"><span class=\"_4yxo\"><strong>Sari Essaijah<\/strong> (Kd)<\/span> sai todeta hallituksen linjan \u201dselke\u00e4sti muuttuneen&#8221; (opposition kritiikin ansiosta&#8230;?) viruksen tukahduttamisen suuntaan.<\/p>\n<p><strong><span class=\"_4yxo\">Ainuttakaan<\/span><\/strong> hallituspuolueiden edustajaa ei haastateltu!<br \/>\nEik\u00e4 edes kritiikit\u00f6n opposition edustajien haastatteleminen riitt\u00e4nyt:<br \/>\nToimittaja Auvisen omat juonto-osuudet ennen, v\u00e4liss\u00e4 ja ohjelman j\u00e4lkeen edustivat samaa oppositiota tukevaa avoimen kriittist\u00e4 agendaa.<\/div>\n<div class=\"_2cuy _3dgx _2vxa\"><span class=\"_4yxo\"><br \/>\n<strong>Hyv\u00e4 Yle<\/strong><\/span>, t\u00e4m\u00e4 ei en\u00e4\u00e4 ole uutisv\u00e4lityst\u00e4, t\u00e4m\u00e4 on Yle-verolla rahoitettua <span class=\"_4yxp\">avointa oppositiopolitikointia!<\/span><\/div>\n<div class=\"_2cuy _3dgx _2vxa\">Kaiken kukkuraksi t\u00e4m\u00e4 tapahtuu tilanteessa, miss\u00e4 <span class=\"_4yxo _4yxp\">kaikilla mittareilla mitattuna ja kansainv\u00e4lisesti vertailtuna Suomen hallitus on hoitanut pandemian t\u00e4h\u00e4n saakka esimerkillisesti.<\/span><\/div>\n<div class=\"_2cuy _3dgx _2vxa\">\n<strong>Joutuu kysym\u00e4\u00e4n<\/strong>, mit\u00e4 Suomen nykyisess\u00e4 mediailmastossa olisikaan tapahtunut, jos meill\u00e4 ment\u00e4isiin l\u00e4nsinaapurimme luvuilla!<\/div>\n<div class=\"_2cuy _3dgx _2vxa\"><span class=\"_4yxo\"><br \/>\n<strong>Kannattaa kuunnella itse!<\/strong><\/span><strong>\u00a0<\/strong>1\u201916\u201d alkaen <a href=\"https:\/\/areena.yle.fi\/1-50338598?fbclid=IwAR1RojTA_FquNooJEyBABE0_MaKBhVX28urQlqVMrj-nxCq4KHnGAAz_psQ#autoplay=true\" target=\"_blank\" rel=\"noopener nofollow\" data-lynx-mode=\"origin\" data-lynx-uri=\"https:\/\/l.facebook.com\/l.php?u=https%3A%2F%2Fareena.yle.fi%2F1-50338598%3Ffbclid%3DIwAR1RojTA_FquNooJEyBABE0_MaKBhVX28urQlqVMrj-nxCq4KHnGAAz_psQ%23autoplay%3Dtrue&amp;h=AT3IQ8FxpCO7IyoBkovIc54TixOzUZ7sWyL1ErUjj4HvNFlmV5jCsCkrdbsWBqF4nNbQ31_W21AsSD76T1ogzEaaJKOHpUmN4yO-ArVCDhb5CecZ5F2tALrSxH4Nd74843WHOOf0VLaihAH6YowQ7ybG\">https:\/\/areena.yle.fi\/1-50338598#autoplay=true<\/a><\/div>\n<\/div>\n<div class=\"_3x-2\" data-ft=\"{&quot;tn&quot;:&quot;H&quot;}\">\n<div data-ft=\"{&quot;tn&quot;:&quot;H&quot;}\">\n<div class=\"mtm\">\n<div id=\"u_fetchstream_3_1a\" class=\"_6m2 _1zpr clearfix _dcs _4_w4 _41u- _59ap _2bf7 _64lx _3eqz _20pq _3eqw _2rk1 _359m _3n1j _5qqr\" data-ft=\"{&quot;tn&quot;:&quot;H&quot;}\">\n<div class=\"clearfix _2r3x\">\n<div class=\"lfloat _ohe\"><\/div>\n<\/div>\n<\/div>\n<\/div>\n<\/div>\n<\/div>\n","protected":false},"excerpt":{"rendered":"<p>En muista aikoihin\u00a0n\u00e4hneeni Yle TV1\u2019n uutisl\u00e4hetyksessa yht\u00e4 r\u00e4ike\u00e4\u00e4 puolueellisuuta kuin Pirjo Auvisen haastattelema, kokoama ja toimittama yli 6 minuutin pituinen opposition kriittisten koronan\u00e4kemysten esittely perjantaina 22.5 klo 20.30. Kaikkien nelj\u00e4n oppositiopuolueen puheenjohtajat saivat esitt\u00e4\u00e4 perustelemattomat kritiikkins\u00e4 ilman ensimm\u00e4ist\u00e4k\u00e4\u00e4n tarkentavaa kysymyst\u00e4. &hellip; <a href=\"https:\/\/www.reijoliinamaa.fi\/?p=1062\">Lue loppuun <span class=\"meta-nav\">&rarr;<\/span><\/a><\/p>\n","protected":false},"author":1,"featured_media":0,"comment_status":"open","ping_status":"open","sticky":false,"template":"","format":"standard","meta":{"footnotes":""},"categories":[175,225],"tags":[],"class_list":["post-1062","post","type-post","status-publish","format-standard","hentry","category-media","category-politiikka"],"_links":{"self":[{"href":"https:\/\/www.reijoliinamaa.fi\/index.php?rest_route=\/wp\/v2\/posts\/1062","targetHints":{"allow":["GET"]}}],"collection":[{"href":"https:\/\/www.reijoliinamaa.fi\/index.php?rest_route=\/wp\/v2\/posts"}],"about":[{"href":"https:\/\/www.reijoliinamaa.fi\/index.php?rest_route=\/wp\/v2\/types\/post"}],"author":[{"embeddable":true,"href":"https:\/\/www.reijoliinamaa.fi\/index.php?rest_route=\/wp\/v2\/users\/1"}],"replies":[{"embeddable":true,"href":"https:\/\/www.reijoliinamaa.fi\/index.php?rest_route=%2Fwp%2Fv2%2Fcomments&post=1062"}],"version-history":[{"count":1,"href":"https:\/\/www.reijoliinamaa.fi\/index.php?rest_route=\/wp\/v2\/posts\/1062\/revisions"}],"predecessor-version":[{"id":1064,"href":"https:\/\/www.reijoliinamaa.fi\/index.php?rest_route=\/wp\/v2\/posts\/1062\/revisions\/1064"}],"wp:attachment":[{"href":"https:\/\/www.reijoliinamaa.fi\/index.php?rest_route=%2Fwp%2Fv2%2Fmedia&parent=1062"}],"wp:term":[{"taxonomy":"category","embeddable":true,"href":"https:\/\/www.reijoliinamaa.fi\/index.php?rest_route=%2Fwp%2Fv2%2Fcategories&post=1062"},{"taxonomy":"post_tag","embeddable":true,"href":"https:\/\/www.reijoliinamaa.fi\/index.php?rest_route=%2Fwp%2Fv2%2Ftags&post=1062"}],"curies":[{"name":"wp","href":"https:\/\/api.w.org\/{rel}","templated":true}]}}