{"id":1040,"date":"2020-02-22T06:35:24","date_gmt":"2020-02-22T06:35:24","guid":{"rendered":"http:\/\/www.rexmusic.fi\/blog\/?p=1040"},"modified":"2020-02-22T13:34:58","modified_gmt":"2020-02-22T13:34:58","slug":"elefantti-demokratian-lasikaapissa","status":"publish","type":"post","link":"https:\/\/www.reijoliinamaa.fi\/?p=1040","title":{"rendered":"&#8230; elefantti demokratian lasikaapissa&#8230;"},"content":{"rendered":"<p><strong>Yhdysvaltain senaatin<\/strong> republikaanenemmist\u00f6 vapautti presidentti Trumpin virkarikossyytteist\u00e4 5.2.2020. Se teki n\u00e4in siit\u00e4 huolimatta, ett\u00e4 todisteet presidentti\u00e4 vastaan olivat vastaansanomattomat.<br \/>\nSenaatin republikaanit estiv\u00e4t samalla Trumpin ex-turvallisuusneuvonantaja <strong>John Boltonin<\/strong> todistuksen, joka olisi ollut presidentin kannalta tuhoisa.<br \/>\nSanalla sanoen Yhdysvaltain senaatti pyyhki p\u00f6yt\u00e4\u00e4 l\u00e4nsimaisille demokratioille tunnusomaiseksi v\u00e4itetyll\u00e4 vallan kolmijako-opilla.<br \/>\nOikeutta yksinkertaisesti estettiin toteutumasta.<\/p>\n<p><strong>Donald Trump<\/strong>\u00a0kiitti ja on sen j\u00e4lkeen toiminut &#8211; jos mahdollista &#8211; viel\u00e4 selke\u00e4mmin diktaattorin elkein.<br \/>\nH\u00e4n ei ep\u00e4r\u00f6i kommentoida vireill\u00e4 olevia oikeusjuttuja eik\u00e4 h\u00e4peile kertoa tuomareille, miten h\u00e4nen oma ex-neuvonantajansa, &#8221;likaiseksi huijariksi&#8221; nimitetty \u00a0rikoksista narahtanut <strong>Roger Stone<\/strong> tulisi tuomita. Kaveria ei j\u00e4tet\u00e4&#8230; .<br \/>\nJopa presidentin oman oikeusministerin, <strong>William Barr&#8217;in<\/strong> mitta alkoi t\u00e4ytty\u00e4.<\/p>\n<p><img loading=\"lazy\" decoding=\"async\" class=\"wp-image-1044 alignright\" src=\"http:\/\/www.rexmusic.fi\/blog\/wp-content\/uploads\/2020\/02\/N\u00e4ytt\u00f6kuva-2020-2-22-kello-7.05.38.png\" alt=\"\" width=\"400\" height=\"180\" srcset=\"https:\/\/www.reijoliinamaa.fi\/wp-content\/uploads\/2020\/02\/N\u00e4ytt\u00f6kuva-2020-2-22-kello-7.05.38.png 996w, https:\/\/www.reijoliinamaa.fi\/wp-content\/uploads\/2020\/02\/N\u00e4ytt\u00f6kuva-2020-2-22-kello-7.05.38-150x67.png 150w, https:\/\/www.reijoliinamaa.fi\/wp-content\/uploads\/2020\/02\/N\u00e4ytt\u00f6kuva-2020-2-22-kello-7.05.38-300x135.png 300w, https:\/\/www.reijoliinamaa.fi\/wp-content\/uploads\/2020\/02\/N\u00e4ytt\u00f6kuva-2020-2-22-kello-7.05.38-768x345.png 768w\" sizes=\"auto, (max-width: 400px) 100vw, 400px\" \/><br \/>\n<strong>Kun Stone<\/strong> kuitenkin tuomittiin, kiirehtii presidentti heti toteamaan, ett\u00e4 <em>&#8221;Robertin&#8221; armahtaminen on todenn\u00e4k\u00f6ist\u00e4, koska h\u00e4nt\u00e4 on kohdeltu &#8221;ep\u00e4reilusti&#8221;.<\/em><\/p>\n<p><img loading=\"lazy\" decoding=\"async\" class=\"wp-image-1042 alignleft\" src=\"http:\/\/www.rexmusic.fi\/blog\/wp-content\/uploads\/2020\/02\/N\u00e4ytt\u00f6kuva-2020-2-22-kello-6.59.41.png\" alt=\"\" width=\"399\" height=\"192\" srcset=\"https:\/\/www.reijoliinamaa.fi\/wp-content\/uploads\/2020\/02\/N\u00e4ytt\u00f6kuva-2020-2-22-kello-6.59.41.png 670w, https:\/\/www.reijoliinamaa.fi\/wp-content\/uploads\/2020\/02\/N\u00e4ytt\u00f6kuva-2020-2-22-kello-6.59.41-150x72.png 150w, https:\/\/www.reijoliinamaa.fi\/wp-content\/uploads\/2020\/02\/N\u00e4ytt\u00f6kuva-2020-2-22-kello-6.59.41-300x144.png 300w\" sizes=\"auto, (max-width: 399px) 100vw, 399px\" \/>V\u00e4ist\u00e4m\u00e4t\u00f6n kysymys on: <em>J\u00e4ttik\u00f6 Stone oikeudessa kertomatta jotakin Trumpin kannalta raskauttavaa?<\/em><br \/>\nTrumpin lupaus armahtamisesta heti tuomion j\u00e4lkeen saattoi motivoida tuomittua pit\u00e4m\u00e4\u00e4n suunsa kiinni.<\/p>\n<p><strong>Marraskuun 2020<\/strong> presidentinvaaleihin liittyen ep\u00e4ilyj\u00e4 Ven\u00e4j\u00e4n sekaantumisesta vaaleihin on esitetty. Edellisiss\u00e4 vaaleissa 2016 Ven\u00e4j\u00e4n sekaantuminen vaaleihin Trumpin valinnan varmistamiseksi todettiin sek\u00e4 CIA:n ett\u00e4 FBI:n raporteissa.<br \/>\nNyt Trump on vihjannut Ven\u00e4j\u00e4n olevan j\u00e4lleen valmis puuttumaan vaaleihin &#8211; demokraattiehdokas <strong>Bernie Sandersin<\/strong> puolesta!<\/p>\n<p>Bernie Sandersin <strong>Washington Post<\/strong>&#8217;issa julkaistu vastaus on ytimek\u00e4s:<br \/>\n<img loading=\"lazy\" decoding=\"async\" class=\"size-full wp-image-1047 alignright\" src=\"http:\/\/www.rexmusic.fi\/blog\/wp-content\/uploads\/2020\/02\/N\u00e4ytt\u00f6kuva-2020-2-22-kello-8.09.52.png\" alt=\"\" width=\"776\" height=\"149\" \/>Sanders -vihjailujen j\u00e4lkeen Trump (2016 vaaleissa sekaantumisesta hy\u00f6tynyt osapuoli) julistaa yhdess\u00e4 Putinin (2016 vaaleissa tekij\u00e4ksi osoitettu osapuoli) kanssa, <em>ettei mit\u00e4\u00e4n &#8221;vaikuttamisyrityksi\u00e4&#8221; ole &#8211;<\/em> ilmeisesti tarkoittaen, ettei niit\u00e4 ole ainakaan Trumpin puolesta.<br \/>\nKaksi pukkia yhteisen kolhoosinsa kaalimaalla.<img loading=\"lazy\" decoding=\"async\" class=\"aligncenter wp-image-1043\" src=\"http:\/\/www.rexmusic.fi\/blog\/wp-content\/uploads\/2020\/02\/N\u00e4ytt\u00f6kuva-2020-2-22-kello-7.01.15.png\" alt=\"\" width=\"303\" height=\"215\" srcset=\"https:\/\/www.reijoliinamaa.fi\/wp-content\/uploads\/2020\/02\/N\u00e4ytt\u00f6kuva-2020-2-22-kello-7.01.15.png 638w, https:\/\/www.reijoliinamaa.fi\/wp-content\/uploads\/2020\/02\/N\u00e4ytt\u00f6kuva-2020-2-22-kello-7.01.15-150x106.png 150w, https:\/\/www.reijoliinamaa.fi\/wp-content\/uploads\/2020\/02\/N\u00e4ytt\u00f6kuva-2020-2-22-kello-7.01.15-300x213.png 300w\" sizes=\"auto, (max-width: 303px) 100vw, 303px\" \/><\/p>\n<p><strong>Pohjoismaisesta n\u00e4k\u00f6kulmasta<\/strong> katsottuna meno USA&#8217;ssa n\u00e4ytt\u00e4\u00e4 absurdilta. On pakko olla sit\u00e4 mielt\u00e4, ett\u00e4 jenkeill\u00e4 t\u00e4ll\u00e4 hetkell\u00e4 EI OLE sellaista johtajaa, jonka he ansaitsevat.<\/p>\n","protected":false},"excerpt":{"rendered":"<p>Yhdysvaltain senaatin republikaanenemmist\u00f6 vapautti presidentti Trumpin virkarikossyytteist\u00e4 5.2.2020. Se teki n\u00e4in siit\u00e4 huolimatta, ett\u00e4 todisteet presidentti\u00e4 vastaan olivat vastaansanomattomat. Senaatin republikaanit estiv\u00e4t samalla Trumpin ex-turvallisuusneuvonantaja John Boltonin todistuksen, joka olisi ollut presidentin kannalta tuhoisa. Sanalla sanoen Yhdysvaltain senaatti pyyhki p\u00f6yt\u00e4\u00e4 &hellip; <a href=\"https:\/\/www.reijoliinamaa.fi\/?p=1040\">Lue loppuun <span class=\"meta-nav\">&rarr;<\/span><\/a><\/p>\n","protected":false},"author":1,"featured_media":0,"comment_status":"open","ping_status":"open","sticky":false,"template":"","format":"standard","meta":{"footnotes":""},"categories":[175,10,1],"tags":[217,220,219,221,218,198,216],"class_list":["post-1040","post","type-post","status-publish","format-standard","hentry","category-media","category-ulkomaat","category-yleinen","tag-barr","tag-bolton","tag-putin","tag-sanders","tag-stone","tag-trump","tag-trumph"],"_links":{"self":[{"href":"https:\/\/www.reijoliinamaa.fi\/index.php?rest_route=\/wp\/v2\/posts\/1040","targetHints":{"allow":["GET"]}}],"collection":[{"href":"https:\/\/www.reijoliinamaa.fi\/index.php?rest_route=\/wp\/v2\/posts"}],"about":[{"href":"https:\/\/www.reijoliinamaa.fi\/index.php?rest_route=\/wp\/v2\/types\/post"}],"author":[{"embeddable":true,"href":"https:\/\/www.reijoliinamaa.fi\/index.php?rest_route=\/wp\/v2\/users\/1"}],"replies":[{"embeddable":true,"href":"https:\/\/www.reijoliinamaa.fi\/index.php?rest_route=%2Fwp%2Fv2%2Fcomments&post=1040"}],"version-history":[{"count":4,"href":"https:\/\/www.reijoliinamaa.fi\/index.php?rest_route=\/wp\/v2\/posts\/1040\/revisions"}],"predecessor-version":[{"id":1049,"href":"https:\/\/www.reijoliinamaa.fi\/index.php?rest_route=\/wp\/v2\/posts\/1040\/revisions\/1049"}],"wp:attachment":[{"href":"https:\/\/www.reijoliinamaa.fi\/index.php?rest_route=%2Fwp%2Fv2%2Fmedia&parent=1040"}],"wp:term":[{"taxonomy":"category","embeddable":true,"href":"https:\/\/www.reijoliinamaa.fi\/index.php?rest_route=%2Fwp%2Fv2%2Fcategories&post=1040"},{"taxonomy":"post_tag","embeddable":true,"href":"https:\/\/www.reijoliinamaa.fi\/index.php?rest_route=%2Fwp%2Fv2%2Ftags&post=1040"}],"curies":[{"name":"wp","href":"https:\/\/api.w.org\/{rel}","templated":true}]}}