{"id":1037,"date":"2020-02-09T14:04:39","date_gmt":"2020-02-09T14:04:39","guid":{"rendered":"http:\/\/www.rexmusic.fi\/blog\/?p=1037"},"modified":"2020-02-09T14:04:39","modified_gmt":"2020-02-09T14:04:39","slug":"li-laittoi-jussille-jauhot-suuhun","status":"publish","type":"post","link":"https:\/\/www.reijoliinamaa.fi\/?p=1037","title":{"rendered":"Li laittoi Jussille jauhot suuhun"},"content":{"rendered":"<p><strong>Ylen A-talk<\/strong>, 6.2.2020, keskustelemassa opetusministeri <strong>Li Andersson<\/strong>, valtiovarainministeri <strong>Katri Kulmuni,<\/strong> sek\u00e4 <strong>Jussi Halla-aho<\/strong> ja <strong>Petteri Orpo<\/strong> oppositiosta.<br \/>\nOrpolle n\u00e4ytti jatkuvasti tuottavan vaikeuksia peitell\u00e4 hieman holhoavaa suhtautumistaan itse\u00e4\u00e4n nuorempiin naisministereihin, ja rivien v\u00e4linen intonaatio- ja elekieli on aavistuksen set\u00e4m\u00e4ist\u00e4.<span class=\"Apple-converted-space\"><br \/>\n<\/span>Halla-aho tuntui ajattelevan, ett\u00e4 t\u00e4st\u00e4h\u00e4n menn\u00e4\u00e4n ihan perussuorituksella puhelemalla mit\u00e4 sylki suuhun tuo. Ja kyll\u00e4h\u00e4n se toikin:\u00a0<em>\u201d\u2026vihervasemmisto edist\u00e4\u00e4 sellaista politiikkaa ett\u00e4 maaseutu muuttuu asuinkelvottomaksi\u2026\u201d<\/em><\/p>\n<p><strong>T\u00e4h\u00e4n<\/strong> Andersson toteaa yks\u2019kantaan, ett\u00e4<em> \u201dtuo on suoraan sanottuna paskapuhetta, onko mainita yht\u00e4\u00e4n esimerkki\u00e4 sellaisesta\u2026?<\/em><span class=\"Apple-converted-space\">\u00a0<\/span>Ja eih\u00e4n Jussilla tietenk\u00e4\u00e4n ole.<span class=\"Apple-converted-space\">\u00a0<\/span>Halla-aho on mediaesiintymisess\u00e4\u00e4n omaksunut rauhallisen jargonin vaikka sis\u00e4ll\u00e4 kiehuisikin. Lin suorapuheisuudesta h\u00e4mmentyneen\u00e4 h\u00e4n hetken kuluttua toteaa, ett\u00e4 \u201d\u2026Suomessa vain alle 10% energiasta tuotetaan fossiilisilla\u2026\u201d.<span class=\"Apple-converted-space\">\u00a0\u00a0<\/span>Oikea luku on 40%, mink\u00e4 media seuraavana p\u00e4iv\u00e4n\u00e4 korjaa. Halla-ahon virhe on siis kooltaan 400%.<\/p>\n<p><strong>Suomalaiset<\/strong> ovat somessa saaneet muutaman vuoden aikana tottua persuretoriikassa ilmaisuihin, joihin verrattuna sana \u201dpaskapuhetta\u201d ei yll\u00e4 edes marginaaliin. Oikeustuomiota on ropissut ja syyteharkinnassa on ruuhkaa. Lin ilmaisu aiheutti persujen taholta tyypillisen uhriutumismyrskyn, joka osoitti oikeaksi sen kokemusper\u00e4isen tiedon, ett\u00e4 kun vihapuhujille tarjotaan heid\u00e4n omaa l\u00e4\u00e4kett\u00e4\u00e4n &#8211; huomattavasti laimennettunakin &#8211; niin se laittaa kuvaannollisesti ilmaistuna \u2019koulukiusaajan alahuulen v\u00e4p\u00e4tt\u00e4m\u00e4\u00e4n\u2019.<\/p>\n<p><strong>Perussuomalainen<\/strong> strategiahan on aina ajanut kaksilla rattailla:<span class=\"Apple-converted-space\">\u00a0<\/span>Omassa lis\u00e4kannatusta hakevassa someretoriikassa halventavat ilmaisut, henkil\u00f6\u00f6n menev\u00e4 solvaus, maalittaminen, valehtelu, ulosteet ja eritteet tulevat PS-tuuteista tasaisena p\u00f6tk\u00f6n\u00e4, kun taas pj Halla-aho on julkisessa TV-esiintymisess\u00e4\u00e4n yritt\u00e4nyt yll\u00e4pit\u00e4\u00e4 kuvaa asiallisesti ja sivistyneesti keskustelevasta tohtorismiehest\u00e4 &#8211; vaikka sitten somessa on h\u00e4nelt\u00e4kin kuultu t\u00f6r\u00e4ytyksi\u00e4.<\/p>\n<p><strong>Joulukussa<\/strong> media riemastui, kun p\u00e4\u00e4ministeri Marin kysyi Kokoomukselta eduskunnassa, ett\u00e4 \u201deik\u00f6 teit\u00e4 h\u00e4vet\u00e4\u201d? Nyt puhuu suoraan ministeri Andersson. Aavistelen, ett\u00e4 yhden puolueen verbaaliin mellastamiseen on Suomessa kyll\u00e4stytty siin\u00e4 m\u00e4\u00e4rin, ett\u00e4 moni ajattelee mieless\u00e4\u00e4n:<span class=\"Apple-converted-space\">\u00a0<\/span><\/p>\n<p>\u2019Hyv\u00e4 ett\u00e4 edes joku antaa takaisin samalla mitalla\u2019.<\/p>\n","protected":false},"excerpt":{"rendered":"<p>Ylen A-talk, 6.2.2020, keskustelemassa opetusministeri Li Andersson, valtiovarainministeri Katri Kulmuni, sek\u00e4 Jussi Halla-aho ja Petteri Orpo oppositiosta. Orpolle n\u00e4ytti jatkuvasti tuottavan vaikeuksia peitell\u00e4 hieman holhoavaa suhtautumistaan itse\u00e4\u00e4n nuorempiin naisministereihin, ja rivien v\u00e4linen intonaatio- ja elekieli on aavistuksen set\u00e4m\u00e4ist\u00e4. Halla-aho tuntui &hellip; <a href=\"https:\/\/www.reijoliinamaa.fi\/?p=1037\">Lue loppuun <span class=\"meta-nav\">&rarr;<\/span><\/a><\/p>\n","protected":false},"author":1,"featured_media":0,"comment_status":"open","ping_status":"open","sticky":false,"template":"","format":"standard","meta":{"footnotes":""},"categories":[177,175],"tags":[],"class_list":["post-1037","post","type-post","status-publish","format-standard","hentry","category-kotimaa","category-media"],"_links":{"self":[{"href":"https:\/\/www.reijoliinamaa.fi\/index.php?rest_route=\/wp\/v2\/posts\/1037","targetHints":{"allow":["GET"]}}],"collection":[{"href":"https:\/\/www.reijoliinamaa.fi\/index.php?rest_route=\/wp\/v2\/posts"}],"about":[{"href":"https:\/\/www.reijoliinamaa.fi\/index.php?rest_route=\/wp\/v2\/types\/post"}],"author":[{"embeddable":true,"href":"https:\/\/www.reijoliinamaa.fi\/index.php?rest_route=\/wp\/v2\/users\/1"}],"replies":[{"embeddable":true,"href":"https:\/\/www.reijoliinamaa.fi\/index.php?rest_route=%2Fwp%2Fv2%2Fcomments&post=1037"}],"version-history":[{"count":1,"href":"https:\/\/www.reijoliinamaa.fi\/index.php?rest_route=\/wp\/v2\/posts\/1037\/revisions"}],"predecessor-version":[{"id":1038,"href":"https:\/\/www.reijoliinamaa.fi\/index.php?rest_route=\/wp\/v2\/posts\/1037\/revisions\/1038"}],"wp:attachment":[{"href":"https:\/\/www.reijoliinamaa.fi\/index.php?rest_route=%2Fwp%2Fv2%2Fmedia&parent=1037"}],"wp:term":[{"taxonomy":"category","embeddable":true,"href":"https:\/\/www.reijoliinamaa.fi\/index.php?rest_route=%2Fwp%2Fv2%2Fcategories&post=1037"},{"taxonomy":"post_tag","embeddable":true,"href":"https:\/\/www.reijoliinamaa.fi\/index.php?rest_route=%2Fwp%2Fv2%2Ftags&post=1037"}],"curies":[{"name":"wp","href":"https:\/\/api.w.org\/{rel}","templated":true}]}}